{"id":238,"date":"2003-04-23T16:00:00","date_gmt":"2003-04-23T14:00:00","guid":{"rendered":"http:\/\/www.meier-gerdingh.de\/spd-oberhausen\/wp\/?p=238"},"modified":"2017-05-02T17:54:13","modified_gmt":"2017-05-02T15:54:13","slug":"geld-fuer-offene-ganztagsschulen-in-oberhausen","status":"publish","type":"post","link":"https:\/\/meier-gerdingh.de\/wp-spd-ob\/2003\/04\/23\/geld-fuer-offene-ganztagsschulen-in-oberhausen\/","title":{"rendered":"Geld f\u00fcr offene Ganztagsschulen in Oberhausen"},"content":{"rendered":"<div style=\"width: 170px\" class=\"wp-caption alignleft\"><a href=\"http:\/\/meier-gerdingh.de\/wp-spd-ob\/wp-content\/uploads\/schule21.jpg\"><img decoding=\"async\" class=\"size-full\" src=\"http:\/\/meier-gerdingh.de\/wp-spd-ob\/wp-content\/uploads\/schule21.jpg\" alt=\"4 Milliarden Euro vom Bund f\u00fcr Ganztagsschulen\" width=\"160\" height=\"108\" \/><\/a><p class=\"wp-caption-text\">4 Milliarden Euro vom Bund f\u00fcr Ganztagsschulen<\/p><\/div>\n<p>Die Bundesregierung kann nun die Schaffung von offenen Ganztagsgrundschulen in Oberhausen finanziell unterst\u00fctzen. Der Oberhausener Landtagsabgeordnete Wolfgang Gro\u00dfe Br\u00f6mer (SPD) teilte mit, dass jetzt endlich auch die CDU-gef\u00fchrten L\u00e4nder bereit sind, eine entsprechende Vereinbarung mit dem Bund zu unterzeichnen. Damit k\u00f6nnen insgesamt vier Milliarden Euro f\u00fcr die Einrichtung von Ganztagsgrundschulen flie\u00dfen. F\u00fcr Nordrhein-Westfalen stehen in den n\u00e4chsten Jahren insgesamt 913 Millionen Euro zur Verf\u00fcgung, die in offene Ganztagsschulen investiert werden sollen.<!--more--><\/p>\n<p>Laut Gro\u00dfe Br\u00f6mer k\u00f6nnen auch Schulen in Oberhausen, die sich am Projekt offene Ganztagsschule beteiligen, von den Mitteln profitieren. Der Stadtrat hatte beschlossen, dass in Oberhausen schon im n\u00e4chsten Schuljahr drei offene Ganztagsgrundschulen eingerichtet werden sollen, wenn Schulen und Eltern dies w\u00fcnschen. Zur Zeit diskutiert die Schulverwaltung mit interessierten Schulen, Eltern und Jugendverb\u00e4nden \u00fcber m\u00f6gliche Konzepte.<\/p>\n<p>Nun steht fest, so Gro\u00dfe Br\u00f6mer weiter, dass die teilnehmenden Schulen mit bis zu 320.000 Euro f\u00fcr Investitionen rechnen k\u00f6nnen. Die Mittel, die die Bundesregierung zur Verf\u00fcgung stellt, k\u00f6nnen nach Aussage des SPD-Bildungspolitikers f\u00fcr Aus- und Umbauten an Schulgeb\u00e4uden, f\u00fcr Ausstattungsgegenst\u00e4nde wie Lern- und Lehrmittel, aber auch f\u00fcr die Gestaltung von Au\u00dfengel\u00e4nden genutzt werden.<\/p>\n<p>Damit werden die offenen Ganztagsschulen in Oberhausen die notwendige r\u00e4umliche Basis und eine gute Ausstattung f\u00fcr ihre Arbeit erhalten. Die Betriebskosten werden vom Land gef\u00f6rdert und durch sozial gestaffelte Elternbeitr\u00e4ge erbracht. &#8222;Auch die Stadt Oberhausen wird sich dort wo es notwendig ist beteiligen, um vor allem sozial schw\u00e4cher gestellten Kindern die Teilnahme zu erm\u00f6glichen,&#8220; erkl\u00e4rte Wolfgang Gro\u00dfe Br\u00f6mer, der auch Vorsitzender der SPD-Ratsfraktion ist. Das notwendige p\u00e4dagogische Konzept legen die Schulen vor, die die Notwendigkeiten an ihrer Schule am besten kennen.<\/p>\n<p>Gro\u00dfe Br\u00f6mer zeigte sich optimistisch, dass Oberhausen sich im n\u00e4chsten Schuljahr am Projekt offene Ganztagsschule beteiligen kann und \u00e4u\u00dferte die Hoffnung, dass im Interesse der Kinder und der interessierten Eltern in den n\u00e4chsten Jahren schrittweise weitere Ganztagsgrundschulen in Oberhausen entstehen.<\/p>\n","protected":false},"excerpt":{"rendered":"<p>Die Bundesregierung kann nun die Schaffung von offenen Ganztagsgrundschulen in Oberhausen finanziell unterst\u00fctzen. Der Oberhausener Landtagsabgeordnete Wolfgang Gro\u00dfe Br\u00f6mer (SPD) teilte mit, dass jetzt endlich auch die CDU-gef\u00fchrten L\u00e4nder bereit&hellip; <\/p>\n","protected":false},"author":1,"featured_media":0,"comment_status":"closed","ping_status":"closed","sticky":false,"template":"","format":"standard","meta":{"footnotes":""},"categories":[1],"tags":[],"quellen":[],"class_list":["post-238","post","type-post","status-publish","format-standard","hentry","category-allgemein"],"_links":{"self":[{"href":"https:\/\/meier-gerdingh.de\/wp-spd-ob\/wp-json\/wp\/v2\/posts\/238","targetHints":{"allow":["GET"]}}],"collection":[{"href":"https:\/\/meier-gerdingh.de\/wp-spd-ob\/wp-json\/wp\/v2\/posts"}],"about":[{"href":"https:\/\/meier-gerdingh.de\/wp-spd-ob\/wp-json\/wp\/v2\/types\/post"}],"author":[{"embeddable":true,"href":"https:\/\/meier-gerdingh.de\/wp-spd-ob\/wp-json\/wp\/v2\/users\/1"}],"replies":[{"embeddable":true,"href":"https:\/\/meier-gerdingh.de\/wp-spd-ob\/wp-json\/wp\/v2\/comments?post=238"}],"version-history":[{"count":0,"href":"https:\/\/meier-gerdingh.de\/wp-spd-ob\/wp-json\/wp\/v2\/posts\/238\/revisions"}],"wp:attachment":[{"href":"https:\/\/meier-gerdingh.de\/wp-spd-ob\/wp-json\/wp\/v2\/media?parent=238"}],"wp:term":[{"taxonomy":"category","embeddable":true,"href":"https:\/\/meier-gerdingh.de\/wp-spd-ob\/wp-json\/wp\/v2\/categories?post=238"},{"taxonomy":"post_tag","embeddable":true,"href":"https:\/\/meier-gerdingh.de\/wp-spd-ob\/wp-json\/wp\/v2\/tags?post=238"},{"taxonomy":"quellen","embeddable":true,"href":"https:\/\/meier-gerdingh.de\/wp-spd-ob\/wp-json\/wp\/v2\/quellen?post=238"}],"curies":[{"name":"wp","href":"https:\/\/api.w.org\/{rel}","templated":true}]}}