{"id":239,"date":"2003-05-06T16:00:00","date_gmt":"2003-05-06T14:00:00","guid":{"rendered":"http:\/\/www.meier-gerdingh.de\/spd-oberhausen\/wp\/?p=239"},"modified":"2017-05-02T17:53:29","modified_gmt":"2017-05-02T15:53:29","slug":"oberhausen-soll-standort-der-rheinischen-schule-fuer-koerperbehinderte-werden","status":"publish","type":"post","link":"https:\/\/meier-gerdingh.de\/wp-spd-ob\/2003\/05\/06\/oberhausen-soll-standort-der-rheinischen-schule-fuer-koerperbehinderte-werden\/","title":{"rendered":"Oberhausen soll Standort der Rheinischen Schule f\u00fcr K\u00f6rperbehinderte werden"},"content":{"rendered":"<div style=\"width: 116px\" class=\"wp-caption alignleft\"><a href=\"http:\/\/meier-gerdingh.de\/wp-spd-ob\/wp-content\/uploads\/lvr.gif\"><img decoding=\"async\" class=\"size-full\" src=\"http:\/\/meier-gerdingh.de\/wp-spd-ob\/wp-content\/uploads\/lvr.gif\" alt=\"Der LVR will in der Weiderheide eine neue Schule f\u00fcr k\u00f6rperbehinderte Kinder errichten\" width=\"106\" height=\"82\" \/><\/a><p class=\"wp-caption-text\">Der LVR will in der Weiderheide eine neue Schule f\u00fcr k\u00f6rperbehinderte Kinder errichten<\/p><\/div>\n<p>Im aktuellen Haushalt des Landschaftsverbandes Rheinland (LVR) besteht quasi als erster Merkposten ein Ansatz \u00fcber Planungskosten f\u00fcr eine weitere Schule f\u00fcr k\u00f6rperbehinderte Kinder im Land. Hinter dieser Haushaltsposition verbirgt sich, dass in Oberhausen in Tr\u00e4gerschaft des Landschaftsverbandes ein vollst\u00e4ndiger Schulneubau errichtet werden soll, um Sch\u00fclerinnen und Sch\u00fclern mit Behinderungen nach angepassten Bildungspl\u00e4nen von Grund- und Hauptschulen unterrichten zu k\u00f6nnen.<!--more--><\/p>\n<p>Die beiden SPD-Stadtverordneten Thomas Di\u00dfelmeyer und Klaus K\u00f6sling k\u00f6nnen als Mitglieder in der Landschaftsversammlung Rheinland berichten, dass diese Planung aktuell weiter mit Leben gef\u00fcllt wird: Ganz konkret wird zur Zeit gepr\u00fcft, ob eine Freifl\u00e4che in unmittelbarer Nachbarschaft zur Gesamtschule Weierheide als Standort f\u00fcr diese wichtige soziale Einrichtung dienen kann. Erste Grundst\u00fccksverhandlungen &#8211; so die aktuellen Informationen am Rande einer der letzten Gremiensitzungen der Landschaftsversammlung &#8211; seien auf einem guten Weg.<\/p>\n<p>&#8222;Wichtig ist, dass die zun\u00e4chst eher mit unverbindlichem Charakter vorgesehene Absicht, in Oberhausen eine Rheinische Schule f\u00fcr K\u00f6rperbehinderte zu errichten, weiter verfolgt und ganz konkret entwickelt wird&#8220;, so die SPD-Stadtverordneten Di\u00dfelmeyer und K\u00f6sling.<\/p>\n<p>Bei dem aktuell in Rede stehenden Grundst\u00fcck ist f\u00fcr die beiden Sozialdemokraten besonders wichtig, dass durch die unmittelbare Nachbarschaft zur Gesamtschule Weierheide nicht nur Synergieeffekte zum Beispiel beim Raumprogramm erschlossen werden k\u00f6nnen, sondern dar\u00fcber hinaus auch praktische Integration von behinderten und nichtbehinderten Sch\u00fclerinnen und Sch\u00fclern im Schulalltag erm\u00f6glicht werden kann.<\/p>\n<p>Zum weiteren Verfahren ist festzuhalten, dass auf Basis der abschlie\u00dfenden Standortentscheidung Planungsrecht zu konkretisieren w\u00e4re. Auf dieser Grundlage kann anhand des erforderlichen Raumprogramms dann der Schulneubau abschlie\u00dfend geplant werden.<\/p>\n<p>&#8222;Trotz des fr\u00fchen Planungsstadiums,&#8220; so Klaus K\u00f6sling abschlie\u00dfend, &#8222;bin ich angesichts des bisherigen Diskussionsstandes und der aktuellen Entwicklung optimistisch, dass bereits im kommenden Jahr mit dem Bau begonnen werden kann.&#8220;<\/p>\n","protected":false},"excerpt":{"rendered":"<p>Im aktuellen Haushalt des Landschaftsverbandes Rheinland (LVR) besteht quasi als erster Merkposten ein Ansatz \u00fcber Planungskosten f\u00fcr eine weitere Schule f\u00fcr k\u00f6rperbehinderte Kinder im Land. Hinter dieser Haushaltsposition verbirgt sich,&hellip; <\/p>\n","protected":false},"author":1,"featured_media":0,"comment_status":"closed","ping_status":"closed","sticky":false,"template":"","format":"standard","meta":{"footnotes":""},"categories":[1],"tags":[],"quellen":[],"class_list":["post-239","post","type-post","status-publish","format-standard","hentry","category-allgemein"],"_links":{"self":[{"href":"https:\/\/meier-gerdingh.de\/wp-spd-ob\/wp-json\/wp\/v2\/posts\/239","targetHints":{"allow":["GET"]}}],"collection":[{"href":"https:\/\/meier-gerdingh.de\/wp-spd-ob\/wp-json\/wp\/v2\/posts"}],"about":[{"href":"https:\/\/meier-gerdingh.de\/wp-spd-ob\/wp-json\/wp\/v2\/types\/post"}],"author":[{"embeddable":true,"href":"https:\/\/meier-gerdingh.de\/wp-spd-ob\/wp-json\/wp\/v2\/users\/1"}],"replies":[{"embeddable":true,"href":"https:\/\/meier-gerdingh.de\/wp-spd-ob\/wp-json\/wp\/v2\/comments?post=239"}],"version-history":[{"count":0,"href":"https:\/\/meier-gerdingh.de\/wp-spd-ob\/wp-json\/wp\/v2\/posts\/239\/revisions"}],"wp:attachment":[{"href":"https:\/\/meier-gerdingh.de\/wp-spd-ob\/wp-json\/wp\/v2\/media?parent=239"}],"wp:term":[{"taxonomy":"category","embeddable":true,"href":"https:\/\/meier-gerdingh.de\/wp-spd-ob\/wp-json\/wp\/v2\/categories?post=239"},{"taxonomy":"post_tag","embeddable":true,"href":"https:\/\/meier-gerdingh.de\/wp-spd-ob\/wp-json\/wp\/v2\/tags?post=239"},{"taxonomy":"quellen","embeddable":true,"href":"https:\/\/meier-gerdingh.de\/wp-spd-ob\/wp-json\/wp\/v2\/quellen?post=239"}],"curies":[{"name":"wp","href":"https:\/\/api.w.org\/{rel}","templated":true}]}}