{"id":2396,"date":"2015-01-25T09:54:09","date_gmt":"2015-01-25T07:54:09","guid":{"rendered":"http:\/\/www.meier-gerdingh.de\/spd-oberhausen\/wp\/?p=2396"},"modified":"2017-01-03T16:18:43","modified_gmt":"2017-01-03T15:18:43","slug":"aufzeichnungspflicht-beim-mindestlohn-beugt-missbrauch-vor","status":"publish","type":"post","link":"https:\/\/meier-gerdingh.de\/wp-spd-ob\/2015\/01\/25\/aufzeichnungspflicht-beim-mindestlohn-beugt-missbrauch-vor\/","title":{"rendered":"Aufzeichnungspflicht beim Mindestlohn beugt Missbrauch vor"},"content":{"rendered":"<div id=\"attachment_1681\" style=\"width: 150px\" class=\"wp-caption alignleft\"><a href=\"http:\/\/meier-gerdingh.de\/wp-spd-ob\/wp-content\/uploads\/voepel_dirk_mdb.jpg\"><img aria-describedby=\"caption-attachment-1681\" decoding=\"async\" class=\"size-full wp-image-1681\" src=\"http:\/\/meier-gerdingh.de\/wp-spd-ob\/wp-content\/uploads\/voepel_dirk_mdb.jpg\" alt=\"Dirk V\u00f6pel ist der direkt gew\u00e4hlte Bundestagsabgeordnete f\u00fcr Oberhausen und Dinslaken\" width=\"140\" height=\"180\" \/><\/a><p id=\"caption-attachment-1681\" class=\"wp-caption-text\">Dirk V\u00f6pel ist der direkt gew\u00e4hlte Bundestagsabgeordnete f\u00fcr Oberhausen und Dinslaken<\/p><\/div>\n<p>Rund 3,7 Millionen Menschen profitieren seit dem 1. Januar 2015 vom Mindestlohn. Um sicherzustellen, dass auch \u00fcberall 8,50 Euro pro Stunde f\u00fcr die geleistete Arbeit gezahlt wird, m\u00fcssen Arbeitgeber die t\u00e4gliche Arbeitszeit ihrer Besch\u00e4ftigten erfassen &#8211; das haben SPD und Union gemeinsam im Gesetz beschlossen. Die Aufzeichnungspflicht gilt f\u00fcr die stark von Schwarzarbeit betroffenen Branchen und f\u00fcr Minijobber.<!--more--><\/p>\n<p>&#8222;Wir wollen, dass der Mindestlohn eingehalten wird. Daf\u00fcr braucht man Kontrollmechanismen wie die Erfassung der Arbeitszeiten. Denn der Mindestlohn bezieht sich auf die Bezahlung pro Stunde und deswegen ist nicht nur die Lohnh\u00f6he, sondern auch die L\u00e4nge der Arbeitszeit ma\u00dfgeblich&#8220;, erkl\u00e4rt der SPD-Bundestagsabgeordnete f\u00fcr Oberhausen und Dinslaken Dirk V\u00f6pel. Die bisherigen Erfahrungen h\u00e4tten gezeigt, dass die unkorrekte Erfassung der Arbeitszeiten eine g\u00e4ngige Praxis der Umgehung von Mindestl\u00f6hnen sein kann. &#8222;Von der Aufzeichnungspflicht profitieren deswegen nicht nur die Besch\u00e4ftigten, sondern auch die ehrlichen Unternehmen in meinem Wahlkreis, die in ihren Betrieben den Mindestlohn zahlen&#8220;, so V\u00f6pel.<\/p>\n<p>Nach dem Mindestlohngesetz m\u00fcssen seit dem 1. Januar 2015 Beginn, Ende und Dauer der t\u00e4glichen Arbeitszeit aufgezeichnet werden. &#8222;Es muss dabei keine Formvorschrift eingehalten werden. Handschriftliche Aufzeichnungen gen\u00fcgen&#8220;, erkl\u00e4rt V\u00f6pel. Au\u00dferdem k\u00f6nne der Arbeitgeber auch den Arbeitnehmer beauftragen, seine Arbeitszeiten zu dokumentieren. &#8222;Dies ist in vielen Branchen, wie zum Beispiel beim Bau, g\u00e4ngige Praxis. Den Vorwurf, es gebe jetzt mehr B\u00fcrokratie, kann ich deswegen nicht nachvollziehen&#8220;, sagt der Bundestagsabgeordnete.<\/p>\n<p>Die Aufzeichnungspflicht entf\u00e4llt, wenn das Monatseinkommen der Besch\u00e4ftigten 2.958 Euro \u00fcbersteigt. Diese Regelung gilt f\u00fcr die im Schwarzarbeitsbek\u00e4mpfungsgesetz genannten Wirtschaftsbereiche, wie etwa Bau- oder Fleischwirtschaft. Die Aufzeichnungspflicht besteht auch f\u00fcr die geringf\u00fcgig Besch\u00e4ftigten in unserem Land, die gewerblich besch\u00e4ftigt sind. Das ist jedoch nicht neu: Auch bisher sahen die Geringf\u00fcgigkeitsrichtlinien die Dokumentation \u00fcber die regelm\u00e4\u00dfige w\u00f6chentliche Arbeitszeit vor. F\u00fcr Minijobber in Privathaushalten gilt die Aufzeichnungspflicht nicht.<\/p>\n<p>&#8222;Vielfach leisten Besch\u00e4ftigte regelm\u00e4\u00dfig \u00dcberstunden, die nicht verg\u00fctet werden. Mit der Aufzeichnungspflicht schieben wir dieser Praxis nun einen Riegel vor&#8220;, stellt V\u00f6pel fest. Au\u00dferdem k\u00f6nnten Verg\u00fctungssysteme mit St\u00fcckl\u00f6hnen sowie Akkordarbeit, die gerade im Niedriglohnbereich weit verbreitet sind, nicht mehr zum Missbrauch benutzt werden.<\/p>\n<p>&#8222;Gut ist, dass der Arbeitgeber seiner Aufzeichnungspflicht erst nach einer Woche nachkommen muss. Damit hat er gen\u00fcgend Zeit, um die Arbeitszeit korrekt zu erfassen, und gleichzeitig ger\u00e4t innerhalb einer Woche nichts in Vergessenheit&#8220;, so V\u00f6pel abschlie\u00dfend.<\/p>\n","protected":false},"excerpt":{"rendered":"<p>Rund 3,7 Millionen Menschen profitieren seit dem 1. Januar 2015 vom Mindestlohn. Um sicherzustellen, dass auch \u00fcberall 8,50 Euro pro Stunde f\u00fcr die geleistete Arbeit gezahlt wird, m\u00fcssen Arbeitgeber die&hellip; <\/p>\n","protected":false},"author":1,"featured_media":0,"comment_status":"closed","ping_status":"closed","sticky":false,"template":"","format":"standard","meta":{"footnotes":""},"categories":[174],"tags":[294,293,296,295],"quellen":[330],"class_list":["post-2396","post","type-post","status-publish","format-standard","hentry","category-arbeit-und-soziales","tag-aufzeichnungspflichten-mindestlohn","tag-mindestlohn","tag-minijobs","tag-schwarzarbeit","quellen-mdb-dirk-voepel"],"_links":{"self":[{"href":"https:\/\/meier-gerdingh.de\/wp-spd-ob\/wp-json\/wp\/v2\/posts\/2396","targetHints":{"allow":["GET"]}}],"collection":[{"href":"https:\/\/meier-gerdingh.de\/wp-spd-ob\/wp-json\/wp\/v2\/posts"}],"about":[{"href":"https:\/\/meier-gerdingh.de\/wp-spd-ob\/wp-json\/wp\/v2\/types\/post"}],"author":[{"embeddable":true,"href":"https:\/\/meier-gerdingh.de\/wp-spd-ob\/wp-json\/wp\/v2\/users\/1"}],"replies":[{"embeddable":true,"href":"https:\/\/meier-gerdingh.de\/wp-spd-ob\/wp-json\/wp\/v2\/comments?post=2396"}],"version-history":[{"count":0,"href":"https:\/\/meier-gerdingh.de\/wp-spd-ob\/wp-json\/wp\/v2\/posts\/2396\/revisions"}],"wp:attachment":[{"href":"https:\/\/meier-gerdingh.de\/wp-spd-ob\/wp-json\/wp\/v2\/media?parent=2396"}],"wp:term":[{"taxonomy":"category","embeddable":true,"href":"https:\/\/meier-gerdingh.de\/wp-spd-ob\/wp-json\/wp\/v2\/categories?post=2396"},{"taxonomy":"post_tag","embeddable":true,"href":"https:\/\/meier-gerdingh.de\/wp-spd-ob\/wp-json\/wp\/v2\/tags?post=2396"},{"taxonomy":"quellen","embeddable":true,"href":"https:\/\/meier-gerdingh.de\/wp-spd-ob\/wp-json\/wp\/v2\/quellen?post=2396"}],"curies":[{"name":"wp","href":"https:\/\/api.w.org\/{rel}","templated":true}]}}