{"id":2397,"date":"2015-02-01T09:56:46","date_gmt":"2015-02-01T07:56:46","guid":{"rendered":"http:\/\/www.meier-gerdingh.de\/spd-oberhausen\/wp\/?p=2397"},"modified":"2015-03-11T17:57:11","modified_gmt":"2015-03-11T15:57:11","slug":"gratulation-an-helmut-bennewa-dank-an-anja-koesling","status":"publish","type":"post","link":"https:\/\/meier-gerdingh.de\/wp-spd-ob\/2015\/02\/01\/gratulation-an-helmut-bennewa-dank-an-anja-koesling\/","title":{"rendered":"Gratulation an Helmut Bennewa.<br>Dank an Anja K\u00f6sling."},"content":{"rendered":"<p>Leider ist es nicht so ausgegangen wie gew\u00fcnscht. Wir gratulieren der CDU und ihrem Kandidaten Helmut Bennewa. Vielen Dank an Anja K\u00f6sling und alle Helferinnen und Helfer!<\/p>\n<p>Das Endergebnis der Wahl im Bezirk 21, Sterkrader Heide:<\/p>\n<p><strong>Helmut Bennewa (CDU):<br \/>\n48,5 Prozent (772 Stimmen)<\/strong>,<\/p>\n<p>Anja K\u00f6sling (SPD):<br \/>\n31,1 Prozent (495 Stimmen),<\/p>\n<p>Mieroslaw Ciesla (BOB):<br \/>\n9,9 Prozent (157 Stimmen),<\/p>\n<p>Michael Stemmer (Gr\u00fcne):<br \/>\n7,3 Prozent (116 Stimmen),<\/p>\n<p>Mehmet Ipek (Linke):<br \/>\n2,5 Prozent (40 Stimmen),<\/p>\n<p>Sarah Schr\u00f6ckert (FDP):<br \/>\n0,82 Prozent (13 Stimmen).<\/p>\n<p>Detailliertere Ergebnisse findet man hier: <\/p>\n<p><a href=\"http:\/\/www.oberhausen.de\/de\/index\/rathaus\/news\/wiederholungswahl.php\" title=\"Ergebnis der Wiederholungswahl im Wahlbezirk 21, Sterkrader Heide\" target=\"_blank\">http:\/\/www.oberhausen.de\/de\/index\/rathaus\/news\/wiederholungswahl.php<\/a><\/p>\n","protected":false},"excerpt":{"rendered":"<p>Leider ist es nicht so ausgegangen wie gew\u00fcnscht. Wir gratulieren der CDU und ihrem Kandidaten Helmut Bennewa. Vielen Dank an Anja K\u00f6sling und alle Helferinnen und Helfer! Das Endergebnis der&hellip; <\/p>\n","protected":false},"author":1,"featured_media":0,"comment_status":"closed","ping_status":"closed","sticky":false,"template":"","format":"standard","meta":{"footnotes":""},"categories":[178],"tags":[264,64],"quellen":[327],"class_list":["post-2397","post","type-post","status-publish","format-standard","hentry","category-wahlen","tag-nachwahl-sterkrader-heide","tag-wiederholungswahl-sterkrader-heide","quellen-spd-unterbezirk-oberhausen"],"_links":{"self":[{"href":"https:\/\/meier-gerdingh.de\/wp-spd-ob\/wp-json\/wp\/v2\/posts\/2397","targetHints":{"allow":["GET"]}}],"collection":[{"href":"https:\/\/meier-gerdingh.de\/wp-spd-ob\/wp-json\/wp\/v2\/posts"}],"about":[{"href":"https:\/\/meier-gerdingh.de\/wp-spd-ob\/wp-json\/wp\/v2\/types\/post"}],"author":[{"embeddable":true,"href":"https:\/\/meier-gerdingh.de\/wp-spd-ob\/wp-json\/wp\/v2\/users\/1"}],"replies":[{"embeddable":true,"href":"https:\/\/meier-gerdingh.de\/wp-spd-ob\/wp-json\/wp\/v2\/comments?post=2397"}],"version-history":[{"count":0,"href":"https:\/\/meier-gerdingh.de\/wp-spd-ob\/wp-json\/wp\/v2\/posts\/2397\/revisions"}],"wp:attachment":[{"href":"https:\/\/meier-gerdingh.de\/wp-spd-ob\/wp-json\/wp\/v2\/media?parent=2397"}],"wp:term":[{"taxonomy":"category","embeddable":true,"href":"https:\/\/meier-gerdingh.de\/wp-spd-ob\/wp-json\/wp\/v2\/categories?post=2397"},{"taxonomy":"post_tag","embeddable":true,"href":"https:\/\/meier-gerdingh.de\/wp-spd-ob\/wp-json\/wp\/v2\/tags?post=2397"},{"taxonomy":"quellen","embeddable":true,"href":"https:\/\/meier-gerdingh.de\/wp-spd-ob\/wp-json\/wp\/v2\/quellen?post=2397"}],"curies":[{"name":"wp","href":"https:\/\/api.w.org\/{rel}","templated":true}]}}