{"id":2398,"date":"2015-02-03T10:03:38","date_gmt":"2015-02-03T08:03:38","guid":{"rendered":"http:\/\/www.meier-gerdingh.de\/spd-oberhausen\/wp\/?p=2398"},"modified":"2017-01-03T16:17:26","modified_gmt":"2017-01-03T15:17:26","slug":"spd-will-mehr-hausaerzte-zulassen","status":"publish","type":"post","link":"https:\/\/meier-gerdingh.de\/wp-spd-ob\/2015\/02\/03\/spd-will-mehr-hausaerzte-zulassen\/","title":{"rendered":"SPD will mehr Haus\u00e4rzte zulassen"},"content":{"rendered":"<div id=\"attachment_1359\" style=\"width: 150px\" class=\"wp-caption alignleft\"><a href=\"http:\/\/meier-gerdingh.de\/wp-spd-ob\/wp-content\/uploads\/flore_manfred_14.jpg\"><img aria-describedby=\"caption-attachment-1359\" decoding=\"async\" class=\"size-full wp-image-1359\" src=\"http:\/\/meier-gerdingh.de\/wp-spd-ob\/wp-content\/uploads\/flore_manfred_14.jpg\" alt=\"Manfred Flore ist umwelt- und kulturpolitischer Sprecher der SPD-Fraktion\" width=\"140\" height=\"169\" \/><\/a><p id=\"caption-attachment-1359\" class=\"wp-caption-text\">Manfred Flore ist umwelt- und kulturpolitischer Sprecher der SPD-Fraktion<\/p><\/div>\n<p>Besorgt zeigt sich die SPD-Fraktion zur Medienberichterstattung, nach der auch Gro\u00dfst\u00e4dten wie Oberhausen bereits in f\u00fcnfzehn Jahren ein Mangel an Haus\u00e4rzten drohen k\u00f6nnte. Eine Situation, die bislang nur aus dem l\u00e4ndlichen Raum bekannt war. Aktuell liegt der Versorgungsgrad in Oberhausen bei 110 Prozent. &#8222;Eine solide haus\u00e4rztliche Versorgung ist wichtig f\u00fcr eine Stadt&#8220;, bekr\u00e4ftigt Manfred Flore, umweltpolitischer Sprecher der SPD-Fraktion. &#8222;Der aktuelle Versorgungsgrad ist gut, aber man muss die Altersstruktur der heute praktizierenden Haus\u00e4rzte kritisch beobachten. Wenn heute schon bekannt ist, dass mehr als ein Drittel der Mediziner \u00e4lter als 60 Jahre ist, muss man Vorsorge treffen. Ein Weg k\u00f6nnte sein, dass die Kassen\u00e4rztliche Vereinigung bereits jetzt mehr niedergelassene \u00c4rzte zul\u00e4sst, um den drohenden Altersknick in den n\u00e4chsten zehn Jahren aufzufangen.&#8220;<!--more--><\/p>\n<p>Flore k\u00fcndigt an, dass die SPD-Fraktion eine Beratung im n\u00e4chsten Umweltausschuss beantragen wird, dem Gremium, das auch f\u00fcr Gesundheitsfragen in der Stadt zust\u00e4ndig ist. Hierzu soll die Verwaltung gebeten werden Dr. Peter Kaup, den Vorsitzenden der Oberhausener \u00c4rztekammer und Herrn Dr. Vogelsang, Chef der \u00f6rtlichen Kassen\u00e4rztlichen Vereinigung als Sachverst\u00e4ndige eizuladen, um ein differenziertes Bild der Lage zu erhalten.<\/p>\n","protected":false},"excerpt":{"rendered":"<p>Besorgt zeigt sich die SPD-Fraktion zur Medienberichterstattung, nach der auch Gro\u00dfst\u00e4dten wie Oberhausen bereits in f\u00fcnfzehn Jahren ein Mangel an Haus\u00e4rzten drohen k\u00f6nnte. Eine Situation, die bislang nur aus dem&hellip; <\/p>\n","protected":false},"author":1,"featured_media":0,"comment_status":"closed","ping_status":"closed","sticky":false,"template":"","format":"standard","meta":{"footnotes":""},"categories":[297],"tags":[298,30],"quellen":[326],"class_list":["post-2398","post","type-post","status-publish","format-standard","hentry","category-gesundheit","tag-hausaerzteversorgung","tag-umweltausschuss","quellen-spd-fraktion-oberhausen"],"_links":{"self":[{"href":"https:\/\/meier-gerdingh.de\/wp-spd-ob\/wp-json\/wp\/v2\/posts\/2398","targetHints":{"allow":["GET"]}}],"collection":[{"href":"https:\/\/meier-gerdingh.de\/wp-spd-ob\/wp-json\/wp\/v2\/posts"}],"about":[{"href":"https:\/\/meier-gerdingh.de\/wp-spd-ob\/wp-json\/wp\/v2\/types\/post"}],"author":[{"embeddable":true,"href":"https:\/\/meier-gerdingh.de\/wp-spd-ob\/wp-json\/wp\/v2\/users\/1"}],"replies":[{"embeddable":true,"href":"https:\/\/meier-gerdingh.de\/wp-spd-ob\/wp-json\/wp\/v2\/comments?post=2398"}],"version-history":[{"count":0,"href":"https:\/\/meier-gerdingh.de\/wp-spd-ob\/wp-json\/wp\/v2\/posts\/2398\/revisions"}],"wp:attachment":[{"href":"https:\/\/meier-gerdingh.de\/wp-spd-ob\/wp-json\/wp\/v2\/media?parent=2398"}],"wp:term":[{"taxonomy":"category","embeddable":true,"href":"https:\/\/meier-gerdingh.de\/wp-spd-ob\/wp-json\/wp\/v2\/categories?post=2398"},{"taxonomy":"post_tag","embeddable":true,"href":"https:\/\/meier-gerdingh.de\/wp-spd-ob\/wp-json\/wp\/v2\/tags?post=2398"},{"taxonomy":"quellen","embeddable":true,"href":"https:\/\/meier-gerdingh.de\/wp-spd-ob\/wp-json\/wp\/v2\/quellen?post=2398"}],"curies":[{"name":"wp","href":"https:\/\/api.w.org\/{rel}","templated":true}]}}