{"id":2399,"date":"2015-02-04T10:13:21","date_gmt":"2015-02-04T08:13:21","guid":{"rendered":"http:\/\/www.meier-gerdingh.de\/spd-oberhausen\/wp\/?p=2399"},"modified":"2017-01-03T16:17:10","modified_gmt":"2017-01-03T15:17:10","slug":"spd-antwortet-mit-ironie-auf-den-fischexperten-schranz","status":"publish","type":"post","link":"https:\/\/meier-gerdingh.de\/wp-spd-ob\/2015\/02\/04\/spd-antwortet-mit-ironie-auf-den-fischexperten-schranz\/","title":{"rendered":"SPD antwortet mit Ironie auf den &#8222;Fischexperten&#8220; Schranz"},"content":{"rendered":"<div id=\"attachment_1410\" style=\"width: 150px\" class=\"wp-caption alignleft\"><a href=\"http:\/\/meier-gerdingh.de\/wp-spd-ob\/wp-content\/uploads\/grosse_broemer_wolfgang_14.jpg\"><img aria-describedby=\"caption-attachment-1410\" decoding=\"async\" class=\"size-full wp-image-1410\" src=\"http:\/\/meier-gerdingh.de\/wp-spd-ob\/wp-content\/uploads\/grosse_broemer_wolfgang_14.jpg\" alt=\"Wolfgang Gro\u00dfe Br\u00f6mer ist Vorsitzender der SPD-Ratsfraktion und Mitglied des Landtags von Nordrhein-Westfalen\" width=\"140\" height=\"169\" \/><\/a><p id=\"caption-attachment-1410\" class=\"wp-caption-text\">Wolfgang Gro\u00dfe Br\u00f6mer ist Vorsitzender der SPD-Ratsfraktion und Mitglied des Landtags von Nordrhein-Westfalen<\/p><\/div>\n<p>&#8222;Statt der \u00fcblichen CDU-Floskeln haben wir eigentlich ein &#8218;Herzliches Dankesch\u00f6n&#8216; von Daniel Schranz erwartet&#8220;, meint SPD-Fraktionschef Wolfgang Gro\u00dfe Br\u00f6mer. Schlie\u00dflich sei der grandiose CDU-Wahlerfolg bei der Wiederholungswahl in der Sterkrader Heide und die Korrektur der scheinbaren Fehlbesetzung des Ursprungskandidaten L\u00f6sken nur m\u00f6glich gewesen, weil sich die Ampelkoalition gegen den massiven Widerstand der CDU f\u00fcr die Wahlwiederholung eingesetzt habe. &#8222;F\u00fcr uns war halt die Aus\u00fcbung des Wahlrechts der 500 B\u00fcrgerinnen und B\u00fcrger, deren Stimmen nicht gewertet worden waren, wichtiger und nicht irgendwelche Machtspielchen.&#8220;<!--more--><\/p>\n<p>Und was die guten, an die SPD gerichteten Ratschl\u00e4ge von Daniel Schranz betrifft, da kehrt die SPD den Spie\u00df um: &#8222;Die CDU sucht ja immer noch offenbar verzweifelt einen Oberb\u00fcrgermeister-Kandidaten. Wir schlagen der CDU als Kandidaten Walter Pa\u00dfgang vor.&#8220; Der habe ja 1999 bei seiner OB-Kandidatur gegen Burkhard Drescher mit Abstand ein besseres Ergebnis erzielt als die beiden ehemaligen CDU-Hoffnungstr\u00e4ger Schranz und Buttler bei den Wahlen 2004 und 2009!<\/p>\n","protected":false},"excerpt":{"rendered":"<p>&#8222;Statt der \u00fcblichen CDU-Floskeln haben wir eigentlich ein &#8218;Herzliches Dankesch\u00f6n&#8216; von Daniel Schranz erwartet&#8220;, meint SPD-Fraktionschef Wolfgang Gro\u00dfe Br\u00f6mer. Schlie\u00dflich sei der grandiose CDU-Wahlerfolg bei der Wiederholungswahl in der Sterkrader&hellip; <\/p>\n","protected":false},"author":1,"featured_media":0,"comment_status":"closed","ping_status":"closed","sticky":false,"template":"","format":"standard","meta":{"footnotes":""},"categories":[178],"tags":[70,264,299,80,64],"quellen":[326],"class_list":["post-2399","post","type-post","status-publish","format-standard","hentry","category-wahlen","tag-ampelkoalition-oberhausen","tag-nachwahl-sterkrader-heide","tag-oberbuergermeister-kandidat","tag-oberbuergermeisterwahl","tag-wiederholungswahl-sterkrader-heide","quellen-spd-fraktion-oberhausen"],"_links":{"self":[{"href":"https:\/\/meier-gerdingh.de\/wp-spd-ob\/wp-json\/wp\/v2\/posts\/2399","targetHints":{"allow":["GET"]}}],"collection":[{"href":"https:\/\/meier-gerdingh.de\/wp-spd-ob\/wp-json\/wp\/v2\/posts"}],"about":[{"href":"https:\/\/meier-gerdingh.de\/wp-spd-ob\/wp-json\/wp\/v2\/types\/post"}],"author":[{"embeddable":true,"href":"https:\/\/meier-gerdingh.de\/wp-spd-ob\/wp-json\/wp\/v2\/users\/1"}],"replies":[{"embeddable":true,"href":"https:\/\/meier-gerdingh.de\/wp-spd-ob\/wp-json\/wp\/v2\/comments?post=2399"}],"version-history":[{"count":0,"href":"https:\/\/meier-gerdingh.de\/wp-spd-ob\/wp-json\/wp\/v2\/posts\/2399\/revisions"}],"wp:attachment":[{"href":"https:\/\/meier-gerdingh.de\/wp-spd-ob\/wp-json\/wp\/v2\/media?parent=2399"}],"wp:term":[{"taxonomy":"category","embeddable":true,"href":"https:\/\/meier-gerdingh.de\/wp-spd-ob\/wp-json\/wp\/v2\/categories?post=2399"},{"taxonomy":"post_tag","embeddable":true,"href":"https:\/\/meier-gerdingh.de\/wp-spd-ob\/wp-json\/wp\/v2\/tags?post=2399"},{"taxonomy":"quellen","embeddable":true,"href":"https:\/\/meier-gerdingh.de\/wp-spd-ob\/wp-json\/wp\/v2\/quellen?post=2399"}],"curies":[{"name":"wp","href":"https:\/\/api.w.org\/{rel}","templated":true}]}}