{"id":2402,"date":"2015-02-06T17:03:29","date_gmt":"2015-02-06T15:03:29","guid":{"rendered":"http:\/\/www.meier-gerdingh.de\/spd-oberhausen\/wp\/?p=2402"},"modified":"2015-03-11T17:55:11","modified_gmt":"2015-03-11T15:55:11","slug":"gefahrenpunkt-fuer-verkehrsteilnehmer-unbuerokratisch-behoben","status":"publish","type":"post","link":"https:\/\/meier-gerdingh.de\/wp-spd-ob\/2015\/02\/06\/gefahrenpunkt-fuer-verkehrsteilnehmer-unbuerokratisch-behoben\/","title":{"rendered":"Gefahrenpunkt f\u00fcr Verkehrsteilnehmer unb\u00fcrokratisch behoben"},"content":{"rendered":"<p>Auf Initiative der Sterkrader Bezirksvertreterin Uschi Dorroch (SPD) konnte eine Gefahrenquelle f\u00fcr den Verkehr auf der Oskarstra\u00dfe, Ecke Postweg schnell und unb\u00fcrokratisch beseitigt werden. In einem schlecht einsehbaren Bereich der Oskarstra\u00dfe hatte sich der Stra\u00dfenbelag um einen Gulli derart gel\u00f6st, dass insbesondere f\u00fcr Radfahrer Unfallgefahr bestand. Die Stelle wurde zun\u00e4chst durch eine Warnbarke gesichert.<!--more--><\/p>\n<p>&#8222;Als mich Anwohner auf die Gefahrensituation ansprachen, habe ich nicht den manchmal langen Weg \u00fcber Antr\u00e4ge in den politischen Gremien gesucht, sondern mich direkt mit der Verwaltung in Verbindung gesetzt und das Problem geschildert. Drei Tage sp\u00e4ter war die Gefahrenstelle beseitigt und alle Verkehrsteilnehmer k\u00f6nnen die Stra\u00dfe nun wieder sicher nutzen. Anpacken, statt lange reden hilft manchmal!&#8220; freut sich Uschi Dorroch.<\/p>\n","protected":false},"excerpt":{"rendered":"<p>Auf Initiative der Sterkrader Bezirksvertreterin Uschi Dorroch (SPD) konnte eine Gefahrenquelle f\u00fcr den Verkehr auf der Oskarstra\u00dfe, Ecke Postweg schnell und unb\u00fcrokratisch beseitigt werden. In einem schlecht einsehbaren Bereich der&hellip; <\/p>\n","protected":false},"author":1,"featured_media":0,"comment_status":"closed","ping_status":"closed","sticky":false,"template":"","format":"standard","meta":{"footnotes":""},"categories":[27,167],"tags":[54,300],"quellen":[326],"class_list":["post-2402","post","type-post","status-publish","format-standard","hentry","category-planen-bauen-wohnen-verkehr","category-stadtteile","tag-bezirksvertretung-sterkrade","tag-wir-kuemmern-uns","quellen-spd-fraktion-oberhausen"],"_links":{"self":[{"href":"https:\/\/meier-gerdingh.de\/wp-spd-ob\/wp-json\/wp\/v2\/posts\/2402","targetHints":{"allow":["GET"]}}],"collection":[{"href":"https:\/\/meier-gerdingh.de\/wp-spd-ob\/wp-json\/wp\/v2\/posts"}],"about":[{"href":"https:\/\/meier-gerdingh.de\/wp-spd-ob\/wp-json\/wp\/v2\/types\/post"}],"author":[{"embeddable":true,"href":"https:\/\/meier-gerdingh.de\/wp-spd-ob\/wp-json\/wp\/v2\/users\/1"}],"replies":[{"embeddable":true,"href":"https:\/\/meier-gerdingh.de\/wp-spd-ob\/wp-json\/wp\/v2\/comments?post=2402"}],"version-history":[{"count":0,"href":"https:\/\/meier-gerdingh.de\/wp-spd-ob\/wp-json\/wp\/v2\/posts\/2402\/revisions"}],"wp:attachment":[{"href":"https:\/\/meier-gerdingh.de\/wp-spd-ob\/wp-json\/wp\/v2\/media?parent=2402"}],"wp:term":[{"taxonomy":"category","embeddable":true,"href":"https:\/\/meier-gerdingh.de\/wp-spd-ob\/wp-json\/wp\/v2\/categories?post=2402"},{"taxonomy":"post_tag","embeddable":true,"href":"https:\/\/meier-gerdingh.de\/wp-spd-ob\/wp-json\/wp\/v2\/tags?post=2402"},{"taxonomy":"quellen","embeddable":true,"href":"https:\/\/meier-gerdingh.de\/wp-spd-ob\/wp-json\/wp\/v2\/quellen?post=2402"}],"curies":[{"name":"wp","href":"https:\/\/api.w.org\/{rel}","templated":true}]}}