{"id":242,"date":"2003-05-08T16:00:00","date_gmt":"2003-05-08T14:00:00","guid":{"rendered":"http:\/\/www.meier-gerdingh.de\/spd-oberhausen\/wp\/?p=242"},"modified":"2017-05-02T17:53:03","modified_gmt":"2017-05-02T15:53:03","slug":"neuorganisation-des-kommunalen-ordnungsdienstes-auf-gutem-weg","status":"publish","type":"post","link":"https:\/\/meier-gerdingh.de\/wp-spd-ob\/2003\/05\/08\/neuorganisation-des-kommunalen-ordnungsdienstes-auf-gutem-weg\/","title":{"rendered":"Neuorganisation des kommunalen Ordnungsdienstes auf gutem Weg"},"content":{"rendered":"<div style=\"width: 150px\" class=\"wp-caption alignleft\"><a href=\"http:\/\/meier-gerdingh.de\/wp-spd-ob\/wp-content\/uploads\/janssena.jpg\"><img decoding=\"async\" class=\"size-full\" src=\"http:\/\/meier-gerdingh.de\/wp-spd-ob\/wp-content\/uploads\/janssena.jpg\" alt=\"Anne Jan\u00dfen ist stellvertretende Vorsitzende der SPD-Fraktion und Leiterin des AK Umwelt\" width=\"140\" height=\"181\" \/><\/a><p class=\"wp-caption-text\">Anne Jan\u00dfen ist stellvertretende Vorsitzende der SPD-Fraktion und Leiterin des AK Umwelt<\/p><\/div>\n<p>Ab Anfang Juli soll es einen gemeinsamen Streifendienst von kommunalen Ordnungskr\u00e4ften und Polizei geben. Diese Ank\u00fcndigung machte die Verwaltung auf der j\u00fcngsten Sitzung der SPD-Fraktion, auf der sich die SPD-Stadtverordneten unter anderem mit dem Stand der Reorganisation des kommunalen Ordnungsdienstes besch\u00e4ftigten.<!--more--><\/p>\n<p>Das Projekt einer gemeinsame Pr\u00e4senz von Polizei und kommunalen Ordnungskr\u00e4ften im \u00f6ffentlichen Raum geht auf eine politische Initiative der SPD-Fraktion vom letzten Jahr zur\u00fcck. Wie die Verwaltung nun berichtete, k\u00f6nnen die Verhandlungen mit der Polizei wahrscheinlich in K\u00fcrze zum Abschluss gebracht und die entsprechenden Kooperationsvereinbarungen zwischen Stadt und Polizei nach dem Amtsantritt der neuen Polizeipr\u00e4sidentin unterschrieben werden.<\/p>\n<p>Mehrfach in der Woche soll es dann gemeinsame Streifg\u00e4nge von Polizeibeamten und speziell geschulten kommunalen Ordnungskr\u00e4ften insbesondere in den Innenstadtbereichen und im Bahnhofsumfeld geben. Mit mobilen Teams werde eine regelm\u00e4\u00dfige Pr\u00e4senz der Streifen auch in den Stadtteilen sichergestellt. Besonderen Wert lege die Verwaltung auf eine fundierte und gr\u00fcndliche Ausbildung ihrer Ordnungskr\u00e4fte f\u00fcr diese neue T\u00e4tigkeit, die sicher nicht immer v\u00f6llig konfliktfrei ablaufen werde. Zum Ausbildungsprogramm geh\u00f6ren deshalb neben der Vermittlung gr\u00fcndlicher Rechtskenntnisse auch das Kommunikationstraining sowie das Erlernen von Strategien zur Konfliktbew\u00e4ltigung.<\/p>\n<p>&#8222;Das von der Verwaltung vorgeschlagene Konzept&#8220;, so die stellvertretende Fraktionsvorsitzende Anne Jan\u00dfen in einer ersten Bewertung, &#8222;entspricht in weiten Teilen unseren Vorstellungen. Wir begr\u00fc\u00dfen es deshalb ausdr\u00fccklich. Einen gewissen Konkretisierungsbedarf sehen wir lediglich im Bereich der sozialen Betreuung von Randgruppen, da nach unserer Auffassung nur ein ausgewogener Mix von ordnungs- und sozialpolitischen Ma\u00dfnahmen den gew\u00fcnschten Erfolg bringen kann.&#8220;<\/p>\n","protected":false},"excerpt":{"rendered":"<p>Ab Anfang Juli soll es einen gemeinsamen Streifendienst von kommunalen Ordnungskr\u00e4ften und Polizei geben. Diese Ank\u00fcndigung machte die Verwaltung auf der j\u00fcngsten Sitzung der SPD-Fraktion, auf der sich die SPD-Stadtverordneten&hellip; <\/p>\n","protected":false},"author":1,"featured_media":0,"comment_status":"closed","ping_status":"closed","sticky":false,"template":"","format":"standard","meta":{"footnotes":""},"categories":[1],"tags":[],"quellen":[],"class_list":["post-242","post","type-post","status-publish","format-standard","hentry","category-allgemein"],"_links":{"self":[{"href":"https:\/\/meier-gerdingh.de\/wp-spd-ob\/wp-json\/wp\/v2\/posts\/242","targetHints":{"allow":["GET"]}}],"collection":[{"href":"https:\/\/meier-gerdingh.de\/wp-spd-ob\/wp-json\/wp\/v2\/posts"}],"about":[{"href":"https:\/\/meier-gerdingh.de\/wp-spd-ob\/wp-json\/wp\/v2\/types\/post"}],"author":[{"embeddable":true,"href":"https:\/\/meier-gerdingh.de\/wp-spd-ob\/wp-json\/wp\/v2\/users\/1"}],"replies":[{"embeddable":true,"href":"https:\/\/meier-gerdingh.de\/wp-spd-ob\/wp-json\/wp\/v2\/comments?post=242"}],"version-history":[{"count":0,"href":"https:\/\/meier-gerdingh.de\/wp-spd-ob\/wp-json\/wp\/v2\/posts\/242\/revisions"}],"wp:attachment":[{"href":"https:\/\/meier-gerdingh.de\/wp-spd-ob\/wp-json\/wp\/v2\/media?parent=242"}],"wp:term":[{"taxonomy":"category","embeddable":true,"href":"https:\/\/meier-gerdingh.de\/wp-spd-ob\/wp-json\/wp\/v2\/categories?post=242"},{"taxonomy":"post_tag","embeddable":true,"href":"https:\/\/meier-gerdingh.de\/wp-spd-ob\/wp-json\/wp\/v2\/tags?post=242"},{"taxonomy":"quellen","embeddable":true,"href":"https:\/\/meier-gerdingh.de\/wp-spd-ob\/wp-json\/wp\/v2\/quellen?post=242"}],"curies":[{"name":"wp","href":"https:\/\/api.w.org\/{rel}","templated":true}]}}