{"id":243,"date":"2003-05-13T16:00:00","date_gmt":"2003-05-13T14:00:00","guid":{"rendered":"http:\/\/www.meier-gerdingh.de\/spd-oberhausen\/wp\/?p=243"},"modified":"2017-05-02T17:51:22","modified_gmt":"2017-05-02T15:51:22","slug":"reformen-muessen-sein","status":"publish","type":"post","link":"https:\/\/meier-gerdingh.de\/wp-spd-ob\/2003\/05\/13\/reformen-muessen-sein\/","title":{"rendered":"Reformen m\u00fcssen sein"},"content":{"rendered":"<p><a href=\"http:\/\/meier-gerdingh.de\/wp-spd-ob\/wp-content\/uploads\/hartmut_schmidt.jpg\"><img decoding=\"async\" class=\"size-full alignleft\" src=\"http:\/\/meier-gerdingh.de\/wp-spd-ob\/wp-content\/uploads\/hartmut_schmidt.jpg\" alt=\"\" width=\"140\" height=\"192\" \/><\/a>Wir haben ein faires, allerdings auch kritisches Gespr\u00e4ch mit der IG Bau vor Ort zur Agenda 2010 sowie zu \u00f6rtlichen Problemstellungen gef\u00fchrt, so Unterbezirksvorsitzender Hartmut Schmidt. Die IG Bau hat mit ihrem Gesch\u00e4ftsf\u00fchrer Bernd B\u00f6rgers deutlich gemacht, dass es unbestritten Reformen in Deutschland geben muss. Aber man erwartet, dass die soziale Gerechtigkeit Richtschnur des sozialdemokratischen Handelns bleiben muss.<!--more--><\/p>\n<p>Insbesondere die Verk\u00fcrzung des Arbeitslosengeldes f\u00fcr \u00e4ltere Arbeitnehmer wurde scharf kritisiert.<\/p>\n<p>Die SPD vor Ort mit Wolfgang Grotthaus, Wolfgang Gro\u00dfe Br\u00f6mer und Hartmut Schmidt, stellte klar, dass sie in breiter \u00dcbereinstimmung mit der NRW-SPD selbstverst\u00e4ndlich f\u00fcr den Vertrauensschutz \u00e4lterer Arbeitnehmer beim Arbeitslosengeld eintritt. Wenn es zu einer Verk\u00fcrzung der Bezugsdauer kommt, muss es parallel zu einer schnelleren und effektivern Vermittlung gerader auch \u00e4lterer Arbeitnehmer kommen. Grotthaus: &#8222;Der eigentliche gesellschaftliche Skandal ist doch, dass ein Arbeitnehmer der zwischen 40 und 50 Jahre arbeitslos wird, mittlerweile zum alten Eisen geh\u00f6rt. Wir haben die Arbeitslosigkeit zu bek\u00e4mpfen. Das muss unser gemeinsames Ziel sein.&#8220; Auch auf \u00f6rtlicher Ebene, so der Gesch\u00e4ftsf\u00fchrer der IG BAU.<\/p>\n<p>Wert legten B\u00f6rgers und Citrich darauf, dass es nicht zu ungerechtfertigtem Abbau von Sozialleistungen (K\u00fcrzung Arbeitslosenzeitraum, K\u00fcndigungsschutz) kommt.<\/p>\n<p>Besonderes einvernehmen zwischen Bernd B\u00f6rgers und Gerd Citrich konnte Wolfgang Gro\u00dfe Br\u00f6mer als Fraktionsvorsitzender der Oberhausener SPD-Fraktion zu allen regionalen Fragestellungen konstatieren. Sowohl die Einhaltung des Tarifrechts, des Vergaberechts, sowie die Bek\u00e4mpfung illegaler Besch\u00e4ftigung und der Schwarzarbeit sprechen die Oberhausener SPD und die IG Bau die gleiche Sprache. Sozialdemokraten und IG Bau haben sich verabredet weitere Gespr\u00e4che zu allen Problemen zu f\u00fchren. Abschlie\u00dfend werteten Hartmut Schmidt und Bernd B\u00f6rgers das Gespr\u00e4ch als wohltuend fair aber in Teilbereichen auch sehr kritisch in der Sache.<\/p>\n","protected":false},"excerpt":{"rendered":"<p>Wir haben ein faires, allerdings auch kritisches Gespr\u00e4ch mit der IG Bau vor Ort zur Agenda 2010 sowie zu \u00f6rtlichen Problemstellungen gef\u00fchrt, so Unterbezirksvorsitzender Hartmut Schmidt. Die IG Bau hat&hellip; <\/p>\n","protected":false},"author":1,"featured_media":0,"comment_status":"closed","ping_status":"closed","sticky":false,"template":"","format":"standard","meta":{"footnotes":""},"categories":[1],"tags":[],"quellen":[],"class_list":["post-243","post","type-post","status-publish","format-standard","hentry","category-allgemein"],"_links":{"self":[{"href":"https:\/\/meier-gerdingh.de\/wp-spd-ob\/wp-json\/wp\/v2\/posts\/243","targetHints":{"allow":["GET"]}}],"collection":[{"href":"https:\/\/meier-gerdingh.de\/wp-spd-ob\/wp-json\/wp\/v2\/posts"}],"about":[{"href":"https:\/\/meier-gerdingh.de\/wp-spd-ob\/wp-json\/wp\/v2\/types\/post"}],"author":[{"embeddable":true,"href":"https:\/\/meier-gerdingh.de\/wp-spd-ob\/wp-json\/wp\/v2\/users\/1"}],"replies":[{"embeddable":true,"href":"https:\/\/meier-gerdingh.de\/wp-spd-ob\/wp-json\/wp\/v2\/comments?post=243"}],"version-history":[{"count":0,"href":"https:\/\/meier-gerdingh.de\/wp-spd-ob\/wp-json\/wp\/v2\/posts\/243\/revisions"}],"wp:attachment":[{"href":"https:\/\/meier-gerdingh.de\/wp-spd-ob\/wp-json\/wp\/v2\/media?parent=243"}],"wp:term":[{"taxonomy":"category","embeddable":true,"href":"https:\/\/meier-gerdingh.de\/wp-spd-ob\/wp-json\/wp\/v2\/categories?post=243"},{"taxonomy":"post_tag","embeddable":true,"href":"https:\/\/meier-gerdingh.de\/wp-spd-ob\/wp-json\/wp\/v2\/tags?post=243"},{"taxonomy":"quellen","embeddable":true,"href":"https:\/\/meier-gerdingh.de\/wp-spd-ob\/wp-json\/wp\/v2\/quellen?post=243"}],"curies":[{"name":"wp","href":"https:\/\/api.w.org\/{rel}","templated":true}]}}