{"id":244,"date":"2003-05-13T16:00:00","date_gmt":"2003-05-13T14:00:00","guid":{"rendered":"http:\/\/www.meier-gerdingh.de\/spd-oberhausen\/wp\/?p=244"},"modified":"2017-05-02T17:52:02","modified_gmt":"2017-05-02T15:52:02","slug":"kommunen-stehen-bereits-in-den-startloechern","status":"publish","type":"post","link":"https:\/\/meier-gerdingh.de\/wp-spd-ob\/2003\/05\/13\/kommunen-stehen-bereits-in-den-startloechern\/","title":{"rendered":"Kommunen stehen bereits in den Startl\u00f6chern"},"content":{"rendered":"<p><a href=\"http:\/\/meier-gerdingh.de\/wp-spd-ob\/wp-content\/uploads\/grotthaus_rede.jpg\"><img decoding=\"async\" class=\"size-full alignleft\" src=\"http:\/\/meier-gerdingh.de\/wp-spd-ob\/wp-content\/uploads\/grotthaus_rede.jpg\" alt=\"\" width=\"140\" height=\"194\" \/><\/a>Mit der am 12.05.2003 von Bund und L\u00e4ndern unterzeichneten Verwaltungsvereinbarung wird ein zentrales Wahlkampfversprechen von Bundeskanzler Gerhard Schr\u00f6der eingel\u00f6st: Das Vier-Milliarden-Euro-Programm zum Aufbau von Ganztagsschulen. &#8222;Damit besteht f\u00fcr die Schultr\u00e4ger unseres Wahlkreises Oberhausen\/Dinslaken ab sofort die M\u00f6glichkeit, F\u00f6rderantr\u00e4ge f\u00fcr die Schaffung oder den Ausbau von Ganztagsschulen zu stellen&#8220;, erkl\u00e4rt der heimische SPD-Bundestagsabgeordnete Wolfgang Grotthaus.<!--more--><\/p>\n<p>So kann Oberhausen nach den bereits vorliegenden F\u00f6rderrichtlinien des Landes NRW f\u00fcr die Errichtung von Ganztagsgrundschulen insgesamt 320.000 Euro an Investitionsmitteln aus dem Topf der nun zu verteilenden Bundesmittel &#8211; verteilt auf vier Jahre &#8211; erwarten. F\u00fcr die zus\u00e4tzlich erforderlichen weiteren Mittel f\u00fcr den Betrieb der neuen Ganztagsgrundschulen sind 1.230 Euro pro Sch\u00fcler und Jahr erforderlich, wovon das Land NRW 820 Euro und die Stadt 410 Euro zu tragen hat.<\/p>\n<p>Dabei ist die Stadt Oberhausen in ihren Planungen schon ziemlich weit. Fest steht, dass die Steinbrink- und die Knappenschule zu Ganztagsgrundschulen ausgebaut werden sollen; Beschl\u00fcsse der Schulkonferenzen weiterer Grundschulen stehen an.<\/p>\n<p>MdB Wolfgang Grotthaus begr\u00fc\u00dft vor allem, dass nach anf\u00e4nglichem Widerstand nun auch die von CDU\/CSU gef\u00fchrten Bundesl\u00e4nder das Angebot des Bundes zu einer Finanzhilfe nach Art. 104 a Abs. 4 Grundgesetz angenommen haben. Bekanntlich stellt der Bund den L\u00e4ndern f\u00fcr den Zeitraum 2003 bis 2007 insgesamt 4 Mrd. Euro zur Verf\u00fcgung, die vor allem in NRW nach dem in der Vereinbarung festgelegten Schl\u00fcssel f\u00fcr Investitionen zum Aufbau neuer Ganztagsschulen und zur Weiterentwicklung bestehender Schulen zu Ganztagsschulen verwendet werden.<\/p>\n<p>Es sollen dabei allerdings nicht nur Schulen an sogenannten sozialen Brennpunkten entstehen, um Sch\u00fclerinnen und Sch\u00fcler nachmittags von den Stra\u00dfen zu holen, sondern Ganztagsschulen sollen m\u00f6glichst breit gestreut sein und alle sozialen Schichten erreichen.<\/p>\n<p>Da die Vereinbarung r\u00fcckwirkend zum 1. Januar 2003 in Kraft getreten ist, k\u00f6nnen nun sofort F\u00f6rderantr\u00e4ge bei den Landesregierungen gestellt werden, so dass die f\u00fcr 2003 angesetzten Haushaltsmittel von 300 Mio. Euro bereits in diesem Jahr verwendet werden k\u00f6nnen.<\/p>\n<p>Wolfgang Grotthaus ist sich sicher, dass die Landesregierung, die St\u00e4dte und Gemeinden, aber auch Eltern und Schulen die Verwaltungsvereinbarung mit Leben erf\u00fcllen und die Chancen zur Schaffung von Ganztagsschulpl\u00e4tzen nutzen werden. &#8222;Ich erwarte nun einen produktiven Wettstreit um das beste Netz an Ganztagsschulen und eine intensive Debatte um die richtigen p\u00e4dagogischen Konzepte &#8222;, so Wolfgang Grotthaus.<\/p>\n<p>Nach seiner Auffassung ist der Aus- und Aufbau von Ganztagsschulen ein wichtiger Schritt zur Verbesserung unseres Bildungssystems, dem durch die PISA-Studie deutliche M\u00e4ngel bescheinigt wurden. Ganztagsschulen mit p\u00e4dagogischem Profil machen eine gezielte individuelle F\u00f6rderung m\u00f6glich und tragen somit zur Verwirklichung von Chancengleichheit bei. Dar\u00fcber hinaus wird mit Ganztagsschulen eine wesentliche Voraussetzung f\u00fcr die Vereinbarkeit von Familie und Beruf geschaffen.<\/p>\n","protected":false},"excerpt":{"rendered":"<p>Mit der am 12.05.2003 von Bund und L\u00e4ndern unterzeichneten Verwaltungsvereinbarung wird ein zentrales Wahlkampfversprechen von Bundeskanzler Gerhard Schr\u00f6der eingel\u00f6st: Das Vier-Milliarden-Euro-Programm zum Aufbau von Ganztagsschulen. &#8222;Damit besteht f\u00fcr die Schultr\u00e4ger&hellip; <\/p>\n","protected":false},"author":1,"featured_media":0,"comment_status":"closed","ping_status":"closed","sticky":false,"template":"","format":"standard","meta":{"footnotes":""},"categories":[1],"tags":[],"quellen":[],"class_list":["post-244","post","type-post","status-publish","format-standard","hentry","category-allgemein"],"_links":{"self":[{"href":"https:\/\/meier-gerdingh.de\/wp-spd-ob\/wp-json\/wp\/v2\/posts\/244","targetHints":{"allow":["GET"]}}],"collection":[{"href":"https:\/\/meier-gerdingh.de\/wp-spd-ob\/wp-json\/wp\/v2\/posts"}],"about":[{"href":"https:\/\/meier-gerdingh.de\/wp-spd-ob\/wp-json\/wp\/v2\/types\/post"}],"author":[{"embeddable":true,"href":"https:\/\/meier-gerdingh.de\/wp-spd-ob\/wp-json\/wp\/v2\/users\/1"}],"replies":[{"embeddable":true,"href":"https:\/\/meier-gerdingh.de\/wp-spd-ob\/wp-json\/wp\/v2\/comments?post=244"}],"version-history":[{"count":0,"href":"https:\/\/meier-gerdingh.de\/wp-spd-ob\/wp-json\/wp\/v2\/posts\/244\/revisions"}],"wp:attachment":[{"href":"https:\/\/meier-gerdingh.de\/wp-spd-ob\/wp-json\/wp\/v2\/media?parent=244"}],"wp:term":[{"taxonomy":"category","embeddable":true,"href":"https:\/\/meier-gerdingh.de\/wp-spd-ob\/wp-json\/wp\/v2\/categories?post=244"},{"taxonomy":"post_tag","embeddable":true,"href":"https:\/\/meier-gerdingh.de\/wp-spd-ob\/wp-json\/wp\/v2\/tags?post=244"},{"taxonomy":"quellen","embeddable":true,"href":"https:\/\/meier-gerdingh.de\/wp-spd-ob\/wp-json\/wp\/v2\/quellen?post=244"}],"curies":[{"name":"wp","href":"https:\/\/api.w.org\/{rel}","templated":true}]}}