{"id":245,"date":"2003-05-15T16:00:00","date_gmt":"2003-05-15T14:00:00","guid":{"rendered":"http:\/\/www.meier-gerdingh.de\/spd-oberhausen\/wp\/?p=245"},"modified":"2017-05-02T17:49:28","modified_gmt":"2017-05-02T15:49:28","slug":"intensive-buergerinformation-vor-umbau","status":"publish","type":"post","link":"https:\/\/meier-gerdingh.de\/wp-spd-ob\/2003\/05\/15\/intensive-buergerinformation-vor-umbau\/","title":{"rendered":"Intensive B\u00fcrgerinformation vor Umbau"},"content":{"rendered":"<div style=\"width: 150px\" class=\"wp-caption alignleft\"><a href=\"http:\/\/meier-gerdingh.de\/wp-spd-ob\/wp-content\/uploads\/dratz_99.jpg\"><img decoding=\"async\" class=\"size-full\" src=\"http:\/\/meier-gerdingh.de\/wp-spd-ob\/wp-content\/uploads\/dratz_99.jpg\" alt=\"Inge Dratz ist Bezirksvorsteherin des Stadtteils Alt-Oberhausen\" width=\"140\" height=\"180\" \/><\/a><p class=\"wp-caption-text\">Inge Dratz ist Bezirksvorsteherin des Stadtteils Alt-Oberhausen<\/p><\/div>\n<p>Dass offensichtlich Irritationen hinsichtlich der Umbauplanung des Friedensplatzes bestehen, nimmt die SPD-Fraktion zum Anlass, die f\u00f6rdertechnisch bedingte Baupause in der Innenstadt f\u00fcr weitere B\u00fcrgerinformationen zu nutzen. Schadhaftes Pflaster und defekte bzw. optimierungsbed\u00fcrftige Beleuchtung, fehlende Infrastruktur f\u00fcr Veranstaltungen, Leckagen in den Brunnenanlagen: dass der Friedensplatz in vielen Teilkomponenten sanierungsbed\u00fcrftig ist, ist ganz praktisch vor Ort erlebbar.<!--more--><\/p>\n<p>Die zur Verbesserung der Situation in einem bereits vor zwei Jahren durchgef\u00fchrten Wettbewerbsverfahren pr\u00e4mierte Planung hat zum Ziel, Notwendiges mit W\u00fcnschenswertem zu verbinden: Denn neben der unstrittig erforderlichen Sanierung des Friedenplatzes soll die Umgestaltung der Els\u00e4sser Stra\u00dfe aufgegriffen und fortgef\u00fchrt werden, damit die Eingangssituation zur Innenstadt vom Hauptbahnhof ihrer Bedeutung angemessen aufgewertet wird.<\/p>\n<p>&#8222;In vielen Gespr\u00e4chen wird deutlich&#8220;, so die SPD-Stadtverordnete und Bezirksvorsteherin Inge Dratz, &#8222;dass trotz der bisher durchgef\u00fchrten B\u00fcrgerinformationen wichtige Bestandteile der Umbauplanung in der Bev\u00f6lkerung nicht bekannt sind.&#8220; So ist keinesfalls beabsichtigt, die vorhandenen Baumreihen, die gerade den besonderen Charakter des Platzes ausmachen, zu f\u00e4llen.<\/p>\n<p>&#8222;Wir werden die Verwaltung beauftragen, soweit dies nicht obligatorisch vorgesehen ist, in einer erneuten B\u00fcrgerversammlung s\u00e4mtliche Komponenten der Umbauplanung vorzustellen und Anregungen zu ber\u00fccksichtigen&#8220;, so der Fraktionsvorsitzende Wolfgang Gro\u00dfe Br\u00f6mer.<\/p>\n<p>Die Situation der Innenstadt soll dar\u00fcber hinaus einen breiten Raum in der bevorstehenden Klausurtagung der SPD-Fraktion einnehmen. Denn unter der durch Oberb\u00fcrgermeister Burkhard Drescher mit &#8222;Masterplan Innenstadt&#8220; gesetzten \u00dcberschrift gilt es auch, Schwerpunkte bei der St\u00e4dtebauf\u00f6rderung in der Innenstadt zu setzen.<\/p>\n","protected":false},"excerpt":{"rendered":"<p>Dass offensichtlich Irritationen hinsichtlich der Umbauplanung des Friedensplatzes bestehen, nimmt die SPD-Fraktion zum Anlass, die f\u00f6rdertechnisch bedingte Baupause in der Innenstadt f\u00fcr weitere B\u00fcrgerinformationen zu nutzen. Schadhaftes Pflaster und defekte&hellip; <\/p>\n","protected":false},"author":1,"featured_media":0,"comment_status":"closed","ping_status":"closed","sticky":false,"template":"","format":"standard","meta":{"footnotes":""},"categories":[1],"tags":[],"quellen":[],"class_list":["post-245","post","type-post","status-publish","format-standard","hentry","category-allgemein"],"_links":{"self":[{"href":"https:\/\/meier-gerdingh.de\/wp-spd-ob\/wp-json\/wp\/v2\/posts\/245","targetHints":{"allow":["GET"]}}],"collection":[{"href":"https:\/\/meier-gerdingh.de\/wp-spd-ob\/wp-json\/wp\/v2\/posts"}],"about":[{"href":"https:\/\/meier-gerdingh.de\/wp-spd-ob\/wp-json\/wp\/v2\/types\/post"}],"author":[{"embeddable":true,"href":"https:\/\/meier-gerdingh.de\/wp-spd-ob\/wp-json\/wp\/v2\/users\/1"}],"replies":[{"embeddable":true,"href":"https:\/\/meier-gerdingh.de\/wp-spd-ob\/wp-json\/wp\/v2\/comments?post=245"}],"version-history":[{"count":0,"href":"https:\/\/meier-gerdingh.de\/wp-spd-ob\/wp-json\/wp\/v2\/posts\/245\/revisions"}],"wp:attachment":[{"href":"https:\/\/meier-gerdingh.de\/wp-spd-ob\/wp-json\/wp\/v2\/media?parent=245"}],"wp:term":[{"taxonomy":"category","embeddable":true,"href":"https:\/\/meier-gerdingh.de\/wp-spd-ob\/wp-json\/wp\/v2\/categories?post=245"},{"taxonomy":"post_tag","embeddable":true,"href":"https:\/\/meier-gerdingh.de\/wp-spd-ob\/wp-json\/wp\/v2\/tags?post=245"},{"taxonomy":"quellen","embeddable":true,"href":"https:\/\/meier-gerdingh.de\/wp-spd-ob\/wp-json\/wp\/v2\/quellen?post=245"}],"curies":[{"name":"wp","href":"https:\/\/api.w.org\/{rel}","templated":true}]}}