{"id":2450,"date":"2015-02-19T12:38:11","date_gmt":"2015-02-19T10:38:11","guid":{"rendered":"http:\/\/www.meier-gerdingh.de\/spd-oberhausen\/wp\/?p=2450"},"modified":"2017-01-03T16:02:32","modified_gmt":"2017-01-03T15:02:32","slug":"spd-setzt-mietpreisbremse-durch","status":"publish","type":"post","link":"https:\/\/meier-gerdingh.de\/wp-spd-ob\/2015\/02\/19\/spd-setzt-mietpreisbremse-durch\/","title":{"rendered":"SPD setzt Mietpreisbremse durch"},"content":{"rendered":"<div id=\"attachment_1681\" style=\"width: 150px\" class=\"wp-caption alignleft\"><a href=\"http:\/\/meier-gerdingh.de\/wp-spd-ob\/wp-content\/uploads\/voepel_dirk_mdb.jpg\"><img aria-describedby=\"caption-attachment-1681\" decoding=\"async\" class=\"size-full wp-image-1681\" src=\"http:\/\/meier-gerdingh.de\/wp-spd-ob\/wp-content\/uploads\/voepel_dirk_mdb.jpg\" alt=\"Dirk V\u00f6pel ist der direkt gew\u00e4hlte Bundestagsabgeordnete f\u00fcr Oberhausen und Dinslaken\" width=\"140\" height=\"180\" \/><\/a><p id=\"caption-attachment-1681\" class=\"wp-caption-text\">Dirk V\u00f6pel ist der direkt gew\u00e4hlte Bundestagsabgeordnete f\u00fcr Oberhausen und Dinslaken<\/p><\/div>\n<p>Der Weg f\u00fcr die Mietpreisbremse ist frei. Die Union hat ihren Widerstand im Koalitionsausschuss aufgegeben. Das Gesetz wird in der kommenden Woche vom Deutschen Bundestag verabschiedet. &#8222;Hunderttausende von Mieterinnen und Mietern werden von den neuen Regelungen profitieren und insbesondere in Gro\u00dfst\u00e4dten und Ballungszentren wie dem Ruhrgebiet vor \u00fcberzogenen Mieterh\u00f6hungen gesch\u00fctzt. F\u00fcr die SPD ist dies ein gro\u00dfer Erfolg, weil damit eines unserer Hauptprojekte aus dem Koalitionsvertrag umgesetzt wird&#8220;, erkl\u00e4rt der Oberhausener Bundestagsabgeordnete Dirk V\u00f6pel.<!--more--><\/p>\n<p>&#8222;Auch das Bestellerprinzip im Maklerrecht kommt ohne Ausnahme. In Zukunft gilt: Wer den Makler bestellt, der bezahlt ihn auch. Das ist in den allermeisten F\u00e4llen der Vermieter. Ein klassisches Prinzip des t\u00e4glichen Lebens gilt fortan also auch bei der Wohnungssuche&#8220;, freut sich V\u00f6pel.<\/p>\n<p>Die Mietpreisbremse werde dazu beitragen, dass Mieten auch f\u00fcr Normalverdiener bezahlbar bleiben. In Zukunft d\u00fcrfen Mieten bei Neuvermietung in den von den L\u00e4ndern ausgewiesenen Gebieten mit angespannten Wohnungsm\u00e4rkten die orts\u00fcbliche Vergleichsmiete nur noch h\u00f6chstens um 10 Prozent \u00fcbersteigen. Mit Mietsteigerungen von mehr als 30 oder 40 Prozent ist Schluss.<\/p>\n<p>Das Gesetz schaffe einen gerechten Ausgleich zwischen den Interessen von Vermietern und Mietern. Die derzeit hohe Investitionsbereitschaft werde aber nicht gef\u00e4hrdet. Nur so k\u00f6nne die Wohnungsknappheit langfristig beseitigt werden. Deswegen gelte die Mietpreisbremse nicht f\u00fcr Neubauten und bei Erstvermietung nach umfassender Modernisierung.<\/p>\n<p>&#8222;Wer Geld investiert, soll damit auch weiterhin Geld verdienen k\u00f6nnen. Aber: Wohnungen sind keine reine Ware. Sie sind das Zuhause von Menschen. Dabei darf es nicht einzig und allein um Gewinnerzielung gehen&#8220;, so V\u00f6pel abschlie\u00dfend.<\/p>\n","protected":false},"excerpt":{"rendered":"<p>Der Weg f\u00fcr die Mietpreisbremse ist frei. Die Union hat ihren Widerstand im Koalitionsausschuss aufgegeben. Das Gesetz wird in der kommenden Woche vom Deutschen Bundestag verabschiedet. &#8222;Hunderttausende von Mieterinnen und&hellip; <\/p>\n","protected":false},"author":1,"featured_media":0,"comment_status":"closed","ping_status":"closed","sticky":false,"template":"","format":"standard","meta":{"footnotes":""},"categories":[27],"tags":[314,316,313,315],"quellen":[330],"class_list":["post-2450","post","type-post","status-publish","format-standard","hentry","category-planen-bauen-wohnen-verkehr","tag-bestellerprinzip-im-maklerrecht","tag-mieterrechte","tag-mietpreisbremse","tag-wohnungspolitik","quellen-mdb-dirk-voepel"],"_links":{"self":[{"href":"https:\/\/meier-gerdingh.de\/wp-spd-ob\/wp-json\/wp\/v2\/posts\/2450","targetHints":{"allow":["GET"]}}],"collection":[{"href":"https:\/\/meier-gerdingh.de\/wp-spd-ob\/wp-json\/wp\/v2\/posts"}],"about":[{"href":"https:\/\/meier-gerdingh.de\/wp-spd-ob\/wp-json\/wp\/v2\/types\/post"}],"author":[{"embeddable":true,"href":"https:\/\/meier-gerdingh.de\/wp-spd-ob\/wp-json\/wp\/v2\/users\/1"}],"replies":[{"embeddable":true,"href":"https:\/\/meier-gerdingh.de\/wp-spd-ob\/wp-json\/wp\/v2\/comments?post=2450"}],"version-history":[{"count":0,"href":"https:\/\/meier-gerdingh.de\/wp-spd-ob\/wp-json\/wp\/v2\/posts\/2450\/revisions"}],"wp:attachment":[{"href":"https:\/\/meier-gerdingh.de\/wp-spd-ob\/wp-json\/wp\/v2\/media?parent=2450"}],"wp:term":[{"taxonomy":"category","embeddable":true,"href":"https:\/\/meier-gerdingh.de\/wp-spd-ob\/wp-json\/wp\/v2\/categories?post=2450"},{"taxonomy":"post_tag","embeddable":true,"href":"https:\/\/meier-gerdingh.de\/wp-spd-ob\/wp-json\/wp\/v2\/tags?post=2450"},{"taxonomy":"quellen","embeddable":true,"href":"https:\/\/meier-gerdingh.de\/wp-spd-ob\/wp-json\/wp\/v2\/quellen?post=2450"}],"curies":[{"name":"wp","href":"https:\/\/api.w.org\/{rel}","templated":true}]}}