{"id":2451,"date":"2015-02-27T13:14:02","date_gmt":"2015-02-27T11:14:02","guid":{"rendered":"http:\/\/www.meier-gerdingh.de\/spd-oberhausen\/wp\/?p=2451"},"modified":"2015-03-11T17:51:27","modified_gmt":"2015-03-11T15:51:27","slug":"aerztliche-versorgungssicherheit-in-oberhausen-muss-erhalten-bleiben","status":"publish","type":"post","link":"https:\/\/meier-gerdingh.de\/wp-spd-ob\/2015\/02\/27\/aerztliche-versorgungssicherheit-in-oberhausen-muss-erhalten-bleiben\/","title":{"rendered":"\u00c4rztliche Versorgungssicherheit in Oberhausen muss erhalten bleiben"},"content":{"rendered":"<p>Auf Initiative der Koalitionsfraktionen besch\u00e4ftigte sich der Sozialausschuss in seiner letzten Sitzung mit der haus\u00e4rztlichen Versorgung in Oberhausen und der Zukunft der Kindernotfallpraxis im EKO. In den vergangenen Wochen war mehrfach \u00f6ffentlich \u00fcber die Schlie\u00dfung der kinder\u00e4rztlichen Notfallpraxis, sowie einen in den n\u00e4chsten Jahren drohenden \u00c4rztemangel in der Stadt diskutiert worden.<!--more--><\/p>\n<p>Unterst\u00fctzung erfuhren die Sozialdemokraten im Ausschuss von Dr. Becker, dem Vertreter der Kassen\u00e4rztlichen Vereinigung (KV) Oberhausen, der als sachverst\u00e4ndiger Gast teilnahm. Der Mediziner unterstrich, dass die Zukunft der haus\u00e4rztlichen Versorgung seitens der Kassen\u00e4rzte als Problem erkannt worden sei. Becker versprach, sich in D\u00fcsseldorf bei der KV Nordrhein, f\u00fcr die Interessen Oberhausens einzusetzen.<\/p>\n<p>&#8222;Die ersten Reaktionen der Kassen\u00e4rztlichen Vereinigung lassen mich hoffen&#8220;, so der SPD-Stadtverordnete Manfred Flore. &#8222;Im Ausschuss wurde deutlich, dass es aktuell jedenfalls keine \u00dcberversorgung mit Haus\u00e4rzten gibt. Das wei\u00df jeder, der schon mal in einem Wartezimmer gesessen hat. Unterst\u00fctzung wurde uns aber auch in Sachen Kindernotfallpraxis am Standort Oberhausen zugesagt. Wir werden beide Themen im n\u00e4chsten Sozialausschuss vertiefen.&#8220;<\/p>\n<p>In der n\u00e4chsten Sitzung soll neben der KV, auch ein Vertreter der Oberhausener \u00c4rztekammer Rede und Antwort stehen. Das Thema wird die Politik noch weiter besch\u00e4ftigen. <\/p>\n","protected":false},"excerpt":{"rendered":"<p>Auf Initiative der Koalitionsfraktionen besch\u00e4ftigte sich der Sozialausschuss in seiner letzten Sitzung mit der haus\u00e4rztlichen Versorgung in Oberhausen und der Zukunft der Kindernotfallpraxis im EKO. In den vergangenen Wochen war&hellip; <\/p>\n","protected":false},"author":1,"featured_media":0,"comment_status":"closed","ping_status":"closed","sticky":false,"template":"","format":"standard","meta":{"footnotes":""},"categories":[297],"tags":[318,320,317,319],"quellen":[326],"class_list":["post-2451","post","type-post","status-publish","format-standard","hentry","category-gesundheit","tag-aerztemangel","tag-kassenaerztliche-vereinigung","tag-kindernotfallpraxis-eko","tag-sozialausschuss","quellen-spd-fraktion-oberhausen"],"_links":{"self":[{"href":"https:\/\/meier-gerdingh.de\/wp-spd-ob\/wp-json\/wp\/v2\/posts\/2451","targetHints":{"allow":["GET"]}}],"collection":[{"href":"https:\/\/meier-gerdingh.de\/wp-spd-ob\/wp-json\/wp\/v2\/posts"}],"about":[{"href":"https:\/\/meier-gerdingh.de\/wp-spd-ob\/wp-json\/wp\/v2\/types\/post"}],"author":[{"embeddable":true,"href":"https:\/\/meier-gerdingh.de\/wp-spd-ob\/wp-json\/wp\/v2\/users\/1"}],"replies":[{"embeddable":true,"href":"https:\/\/meier-gerdingh.de\/wp-spd-ob\/wp-json\/wp\/v2\/comments?post=2451"}],"version-history":[{"count":0,"href":"https:\/\/meier-gerdingh.de\/wp-spd-ob\/wp-json\/wp\/v2\/posts\/2451\/revisions"}],"wp:attachment":[{"href":"https:\/\/meier-gerdingh.de\/wp-spd-ob\/wp-json\/wp\/v2\/media?parent=2451"}],"wp:term":[{"taxonomy":"category","embeddable":true,"href":"https:\/\/meier-gerdingh.de\/wp-spd-ob\/wp-json\/wp\/v2\/categories?post=2451"},{"taxonomy":"post_tag","embeddable":true,"href":"https:\/\/meier-gerdingh.de\/wp-spd-ob\/wp-json\/wp\/v2\/tags?post=2451"},{"taxonomy":"quellen","embeddable":true,"href":"https:\/\/meier-gerdingh.de\/wp-spd-ob\/wp-json\/wp\/v2\/quellen?post=2451"}],"curies":[{"name":"wp","href":"https:\/\/api.w.org\/{rel}","templated":true}]}}