{"id":2453,"date":"2015-02-27T13:23:58","date_gmt":"2015-02-27T11:23:58","guid":{"rendered":"http:\/\/www.meier-gerdingh.de\/spd-oberhausen\/wp\/?p=2453"},"modified":"2017-01-03T16:01:10","modified_gmt":"2017-01-03T15:01:10","slug":"dirk-voepel-einstimmig-als-vorsitzender-wiedergewaehlt","status":"publish","type":"post","link":"https:\/\/meier-gerdingh.de\/wp-spd-ob\/2015\/02\/27\/dirk-voepel-einstimmig-als-vorsitzender-wiedergewaehlt\/","title":{"rendered":"Dirk V\u00f6pel einstimmig als Vorsitzender wiedergew\u00e4hlt"},"content":{"rendered":"<p><a href=\"http:\/\/meier-gerdingh.de\/wp-spd-ob\/wp-content\/uploads\/banner_ov_west_neu.jpg\"><img decoding=\"async\" class=\"aligncenter size-full wp-image-1778\" src=\"http:\/\/meier-gerdingh.de\/wp-spd-ob\/wp-content\/uploads\/banner_ov_west_neu.jpg\" alt=\"banner_ov_west_neu\" width=\"600\" height=\"150\" srcset=\"https:\/\/meier-gerdingh.de\/wp-spd-ob\/wp-content\/uploads\/banner_ov_west_neu.jpg 600w, https:\/\/meier-gerdingh.de\/wp-spd-ob\/wp-content\/uploads\/banner_ov_west_neu-300x75.jpg 300w\" sizes=\"(max-width: 600px) 100vw, 600px\" \/><\/a>Dirk V\u00f6pel bleibt auch in den n\u00e4chsten beiden Jahren Vorsitzender der SPD in Alstaden und Lirich. Der Oberhausener Bundestagsabgeordnete erzielte auf der Jahreshauptversammlung des Ortsvereins Oberhausen-West ein Traumergebnis: Bis auf eine Enthaltung stimmten alle anwesenden SPD-Mitglieder in geheimer Wahl f\u00fcr den 43-j\u00e4hrigen Alstadener. &#8222;Das ist schon ein gro\u00dfer Vertrauensbeweis, \u00fcber den ich mich sehr freue&#8220;, so Dirk V\u00f6pel, der seit zehn Jahren an der Spitze der Sozialdemokraten im Oberhausener Westen steht.<!--more--><\/p>\n<p>Mit hervorragenden Ergebnissen wiedergew\u00e4hlt wurden auch die beiden stellvertretenden Ortsvereinsvorsitzenden Sonja Bongers und Sandra Jungmaier. Sascha B\u00f6hle und Heinz-Werner Bruns k\u00fcmmern sich weiter um die Kasse, neue Schriftf\u00fchrer sind Muharrem Ersoy und Alexis Heitmann, Pressesprecher bleibt Ulrich Otto.<\/p>\n<p>Dem neuen Vorstand geh\u00f6ren als <strong>Beisitzerinnen und Beisitzer<\/strong> an:<\/p>\n<ul>\n<li>Max A\u00dfenmacher<\/li>\n<li>Ralf Bohnes<\/li>\n<li>Britta Costecki<\/li>\n<li>Gionatan De Castro<\/li>\n<li>Ren\u00e9 Derksen<\/li>\n<li>Rebecca Fehrenberg<\/li>\n<li>Peter Klunk<\/li>\n<li>Kirsten Oberste-Kleinbeck<\/li>\n<li>B\u00fclent Sahin<\/li>\n<li>Detlef Schneider<\/li>\n<li>Florian Wels<\/li>\n<\/ul>\n<p>Auf den <strong>Oberhausener SPD-Parteitagen 2015<\/strong> wird der Ortsverein West vertreten durch:<\/p>\n<ul>\n<li>Max A\u00dfenmacher<\/li>\n<li>Klaus B\u00f6hle<\/li>\n<li>Sascha B\u00f6hle<\/li>\n<li>Ralf Bohnes<\/li>\n<li>Sonja Bongers<\/li>\n<li>Heinz-Werner Bruns<\/li>\n<li>Susanne Cordes<\/li>\n<li>Britta Costecki<\/li>\n<li>Gionatan De Castro<\/li>\n<li>Ren\u00e9 Derksen<\/li>\n<li>Rebecca Fehrenberg<\/li>\n<li>Joachim F\u00fcrth<\/li>\n<li>J\u00fcrgen Grefermann<\/li>\n<li>Maren Gro\u00dfenbrink<\/li>\n<li>Alexis Heitmann<\/li>\n<li>Sandra Jungmaier<\/li>\n<li>Peter Klunk<\/li>\n<li>Elisabeth Koal<\/li>\n<li>Kirsten Oberste-Kleinbeck<\/li>\n<li>Ulrich Otto<\/li>\n<li>B\u00fclent Sahin<\/li>\n<li>Detlef Schneider<\/li>\n<li>Dirk V\u00f6pel<\/li>\n<li>Florian Wels<\/li>\n<li>Markus Werntgen-Orman<\/li>\n<\/ul>\n","protected":false},"excerpt":{"rendered":"<p>Dirk V\u00f6pel bleibt auch in den n\u00e4chsten beiden Jahren Vorsitzender der SPD in Alstaden und Lirich. Der Oberhausener Bundestagsabgeordnete erzielte auf der Jahreshauptversammlung des Ortsvereins Oberhausen-West ein Traumergebnis: Bis auf&hellip; <\/p>\n","protected":false},"author":1,"featured_media":0,"comment_status":"closed","ping_status":"closed","sticky":false,"template":"","format":"standard","meta":{"footnotes":""},"categories":[173,178],"tags":[134,71,183,182],"quellen":[335],"class_list":["post-2453","post","type-post","status-publish","format-standard","hentry","category-parteileben","category-wahlen","tag-alstaden","tag-jahreshauptversammlung","tag-lirich","tag-ov-oberhausen-west","quellen-ov-west"],"_links":{"self":[{"href":"https:\/\/meier-gerdingh.de\/wp-spd-ob\/wp-json\/wp\/v2\/posts\/2453","targetHints":{"allow":["GET"]}}],"collection":[{"href":"https:\/\/meier-gerdingh.de\/wp-spd-ob\/wp-json\/wp\/v2\/posts"}],"about":[{"href":"https:\/\/meier-gerdingh.de\/wp-spd-ob\/wp-json\/wp\/v2\/types\/post"}],"author":[{"embeddable":true,"href":"https:\/\/meier-gerdingh.de\/wp-spd-ob\/wp-json\/wp\/v2\/users\/1"}],"replies":[{"embeddable":true,"href":"https:\/\/meier-gerdingh.de\/wp-spd-ob\/wp-json\/wp\/v2\/comments?post=2453"}],"version-history":[{"count":0,"href":"https:\/\/meier-gerdingh.de\/wp-spd-ob\/wp-json\/wp\/v2\/posts\/2453\/revisions"}],"wp:attachment":[{"href":"https:\/\/meier-gerdingh.de\/wp-spd-ob\/wp-json\/wp\/v2\/media?parent=2453"}],"wp:term":[{"taxonomy":"category","embeddable":true,"href":"https:\/\/meier-gerdingh.de\/wp-spd-ob\/wp-json\/wp\/v2\/categories?post=2453"},{"taxonomy":"post_tag","embeddable":true,"href":"https:\/\/meier-gerdingh.de\/wp-spd-ob\/wp-json\/wp\/v2\/tags?post=2453"},{"taxonomy":"quellen","embeddable":true,"href":"https:\/\/meier-gerdingh.de\/wp-spd-ob\/wp-json\/wp\/v2\/quellen?post=2453"}],"curies":[{"name":"wp","href":"https:\/\/api.w.org\/{rel}","templated":true}]}}