{"id":2458,"date":"2015-03-04T16:44:10","date_gmt":"2015-03-04T14:44:10","guid":{"rendered":"http:\/\/www.meier-gerdingh.de\/spd-oberhausen\/wp\/?p=2458"},"modified":"2017-01-03T16:00:51","modified_gmt":"2017-01-03T15:00:51","slug":"spd-will-druck-beim-kaisergarten-machen","status":"publish","type":"post","link":"https:\/\/meier-gerdingh.de\/wp-spd-ob\/2015\/03\/04\/spd-will-druck-beim-kaisergarten-machen\/","title":{"rendered":"SPD will Druck beim Kaisergarten machen"},"content":{"rendered":"<div id=\"attachment_1359\" style=\"width: 150px\" class=\"wp-caption alignleft\"><a href=\"http:\/\/meier-gerdingh.de\/wp-spd-ob\/wp-content\/uploads\/flore_manfred_14.jpg\"><img aria-describedby=\"caption-attachment-1359\" decoding=\"async\" class=\"size-full wp-image-1359\" src=\"http:\/\/meier-gerdingh.de\/wp-spd-ob\/wp-content\/uploads\/flore_manfred_14.jpg\" alt=\"Manfred Flore ist umwelt- und kulturpolitischer Sprecher der SPD-Fraktion\" width=\"140\" height=\"169\" \/><\/a><p id=\"caption-attachment-1359\" class=\"wp-caption-text\">Manfred Flore ist umwelt- und kulturpolitischer Sprecher der SPD-Fraktion<\/p><\/div>\n<p>Noch hat der Winter Oberhausen fest im Griff, doch der Fr\u00fchling naht mit riesen Schritten und mit ihm werden wieder mehr Oberhausenerinnen und Oberhausener die Gr\u00fcnanlagen und Parks der Stadt besuchen. Hier sieht Manfred Flore, umweltpolitischer Sprecher der SPD-Fraktion die Stadt grunds\u00e4tzlich gut aufgestellt. &#8222;Das vom Rat beschlossene Parkpflegewerk wurde z\u00fcgig umgesetzt. Beispielsweise im Volkspark Sterkrade. Hier wurde die Neukonzeption der Parkanlage, die von einem Landschaftsarchitekten in Zusammenarbeit mit der B\u00fcrgerschaft erarbeitet wurde, schon fast komplett umgesetzt&#8220;, freut sich Manfred Flore.<!--more--><\/p>\n<p>Handlungsbedarf sieht der Sozialdemokrat jedoch beim Kaisergarten. F\u00fcr die vielen Baustellen und Behinderungen entlang der Emscher, die im Rahmen der Renaturierung des Wasserlaufes in Kauf genommen werden m\u00fcssen, hatte die Emschergenossenschaft als &#8222;Entsch\u00e4digung&#8220; eine Aufwertung der Emscherinsel, sowie die Entwicklung eines Parkpflegewerkes f\u00fcr den Kaisergarten versprochen.<\/p>\n<p>&#8222;Als Mitglied der Genossenschaftsversammlung werde ich eine Anfrage an den Chef der Emschergenossenschaft richten, wann die Ausschreibung f\u00fcr die Erarbeitung des Parkpflegewerkes von der Emschergenossenschaft auf den Weg gebracht wird, damit die Qualit\u00e4t unseres Oberhausener &#8218;Centralparks&#8216; auf hohem Stand erhalten bleibt. Ich gehe davon aus, dass die notwendigen Vereinbarungen schnell in trockene T\u00fccher gebracht werden, zumal wir als Oberhausener aufgrund der Lage am Unterlauf des Flusses, beim Emscherumbau die gr\u00f6\u00dften Einschr\u00e4nkungen zu tragen haben.&#8220;<\/p>\n","protected":false},"excerpt":{"rendered":"<p>Noch hat der Winter Oberhausen fest im Griff, doch der Fr\u00fchling naht mit riesen Schritten und mit ihm werden wieder mehr Oberhausenerinnen und Oberhausener die Gr\u00fcnanlagen und Parks der Stadt&hellip; <\/p>\n","protected":false},"author":1,"featured_media":0,"comment_status":"closed","ping_status":"closed","sticky":false,"template":"","format":"standard","meta":{"footnotes":""},"categories":[29],"tags":[103,345,104,346,22,343,344],"quellen":[326],"class_list":["post-2458","post","type-post","status-publish","format-standard","hentry","category-umwelt","tag-emschergenossenschaft","tag-emscherinsel","tag-emscherumbau","tag-gruenflaechenpflege","tag-kaisergarten","tag-parkpflegewerk","tag-volkspark-sterkrade","quellen-spd-fraktion-oberhausen"],"_links":{"self":[{"href":"https:\/\/meier-gerdingh.de\/wp-spd-ob\/wp-json\/wp\/v2\/posts\/2458","targetHints":{"allow":["GET"]}}],"collection":[{"href":"https:\/\/meier-gerdingh.de\/wp-spd-ob\/wp-json\/wp\/v2\/posts"}],"about":[{"href":"https:\/\/meier-gerdingh.de\/wp-spd-ob\/wp-json\/wp\/v2\/types\/post"}],"author":[{"embeddable":true,"href":"https:\/\/meier-gerdingh.de\/wp-spd-ob\/wp-json\/wp\/v2\/users\/1"}],"replies":[{"embeddable":true,"href":"https:\/\/meier-gerdingh.de\/wp-spd-ob\/wp-json\/wp\/v2\/comments?post=2458"}],"version-history":[{"count":0,"href":"https:\/\/meier-gerdingh.de\/wp-spd-ob\/wp-json\/wp\/v2\/posts\/2458\/revisions"}],"wp:attachment":[{"href":"https:\/\/meier-gerdingh.de\/wp-spd-ob\/wp-json\/wp\/v2\/media?parent=2458"}],"wp:term":[{"taxonomy":"category","embeddable":true,"href":"https:\/\/meier-gerdingh.de\/wp-spd-ob\/wp-json\/wp\/v2\/categories?post=2458"},{"taxonomy":"post_tag","embeddable":true,"href":"https:\/\/meier-gerdingh.de\/wp-spd-ob\/wp-json\/wp\/v2\/tags?post=2458"},{"taxonomy":"quellen","embeddable":true,"href":"https:\/\/meier-gerdingh.de\/wp-spd-ob\/wp-json\/wp\/v2\/quellen?post=2458"}],"curies":[{"name":"wp","href":"https:\/\/api.w.org\/{rel}","templated":true}]}}