{"id":2464,"date":"2015-03-10T17:27:39","date_gmt":"2015-03-10T15:27:39","guid":{"rendered":"http:\/\/www.meier-gerdingh.de\/spd-oberhausen\/wp\/?p=2464"},"modified":"2022-11-16T14:16:01","modified_gmt":"2022-11-16T13:16:01","slug":"ortsverein-oberhausen-mitte-waehlt-neuen-vorstand","status":"publish","type":"post","link":"https:\/\/meier-gerdingh.de\/wp-spd-ob\/2015\/03\/10\/ortsverein-oberhausen-mitte-waehlt-neuen-vorstand\/","title":{"rendered":"Ortsverein Oberhausen-Mitte w\u00e4hlt neuen Vorstand"},"content":{"rendered":"<div id=\"attachment_2465\" style=\"width: 610px\" class=\"wp-caption aligncenter\"><a href=\"http:\/\/meier-gerdingh.de\/wp-spd-ob\/wp-content\/uploads\/ov_mitte_jhv_2015.jpg\"><img aria-describedby=\"caption-attachment-2465\" decoding=\"async\" class=\"size-full wp-image-2465\" src=\"http:\/\/meier-gerdingh.de\/wp-spd-ob\/wp-content\/uploads\/ov_mitte_jhv_2015.jpg\" alt=\"Der neu gew\u00e4hlte Vorstand des Ortsvereins Oberhausen-Mitte\" width=\"600\" height=\"201\" srcset=\"https:\/\/meier-gerdingh.de\/wp-spd-ob\/wp-content\/uploads\/ov_mitte_jhv_2015.jpg 600w, https:\/\/meier-gerdingh.de\/wp-spd-ob\/wp-content\/uploads\/ov_mitte_jhv_2015-300x101.jpg 300w, https:\/\/meier-gerdingh.de\/wp-spd-ob\/wp-content\/uploads\/ov_mitte_jhv_2015-150x50.jpg 150w\" sizes=\"(max-width: 600px) 100vw, 600px\" \/><\/a><p id=\"caption-attachment-2465\" class=\"wp-caption-text\">Der neu gew\u00e4hlte Vorstand des Ortsvereins Oberhausen-Mitte<\/p><\/div>\n<p>In der letzten Jahreshauptversammlung des SPD Ortsvereins Oberhausen-Mitte verzichtete Ercan Telli auf eine erneute Kandidatur als Vorsitzender und gab den <strong>Vorsitz<\/strong> an Andreas Schr\u00f6der ab. Andreas Schr\u00f6der setzt wie Ercan Telli in den n\u00e4chsten Jahren auf den Teamgeist, auf die positive Streitkultur und die Einbindung der im Ortsverein vertretenden Gruppierungen, die noch st\u00e4rker in die politischen Prozesse des Ortsvereins, wie auch der Gesamtpartei, einzubinden sind. Im Fokus stehen in den n\u00e4chsten Monaten die Unterst\u00fctzung und die Wahl des Kandidaten Apostolos Tsalastras zum Oberb\u00fcrgermeister. Bei der anschlie\u00dfenden Vorstandswahl (siehe Bild) stellten sich viele Genossinnen und Genossen des alten Vorstandes zur Wiederwahl, um auch im &#8222;neuen&#8220; Team um Andreas Schr\u00f6der aktiv mitzuwirken. Darunter als <strong>Stellvertreter\/in<\/strong> Nagihan Erdas und Ercan Telli sowie Stephan Bramorski.<!--more--><\/p>\n<p>In seiner Vorstellung appellierte der neue Vorsitzende an alle Genossinnen und Genossen des Ortsvereins aktiv bei den drei zentralen Aussagen bzw. Zielen des Ortsvereines mitzuwirken: Aktivierung und Mobilisierung der Mitglieder, Einbindung der B\u00fcrgerinnen und B\u00fcrger in politische Prozesse bzw. die Entscheidungsfindung und intensive Betreuung der drei Wahlkreise des Ortsvereins Oberhausen-Mitte (Stadtmitte-S\u00fcd, Stadtmitte-Nord und Styrum). Hierbei kann die geplante Nachbarschaftskampagne des Unterbezirks den Dreiklang unterst\u00fctzen.<\/p>\n<p>Gew\u00e4hlt worden sind weiterhin in den <strong>Vorstand<\/strong>:<\/p>\n<p><strong>Gesch\u00e4ftsf\u00fchrung:<\/strong><br \/>\nAngelika Kock, Sabine Schulze<\/p>\n<p><strong>Kassierung:<\/strong><br \/>\nJ\u00fcrgen Ludwiczak, Andrea Samotta, Kurt Sch\u00e4fer<\/p>\n<p><strong>Organisationsbeauftragter:<\/strong><br \/>\nRonald G\u00f6hring<\/p>\n<p><strong>Internet- und \u00d6ffentlichkeitsbeauftragter:<\/strong><br \/>\nSiegfried R\u00e4biger<\/p>\n<p><strong>Bildungsbeauftragter:<\/strong><\/p>\n<p><strong>Mitgliederbeauftragter:<\/strong><br \/>\nIlario Tomassilli<\/p>\n<p><strong>Beisitzerinnen und Beisitzer:<\/strong><\/p>\n<ul>\n<li>Willi Blanke<\/li>\n<li>Christiane Gerster-Schmidt<\/li>\n<li>Imke Halbauer<\/li>\n<li>Dustin Hoffmann<\/li>\n<li>Gisela Menzler<\/li>\n<li>Hartmut Schmidt<\/li>\n<li>Johannes Stelzer<\/li>\n<li>Mareike Wagner<\/li>\n<\/ul>\n<p><strong>Revisor\/innen:<\/strong><br \/>\nCarlo Caico, Christian Ejodamen, Karin Tomassilli<\/p>\n<p>Als <strong>Delegierte und Ersatzdelegierte f\u00fcr die Unterbezirksparteitage<\/strong> wurden gew\u00e4hlt:<\/p>\n<ul>\n<li>Willy Blanke<\/li>\n<li>Stephan Bramorski<\/li>\n<li>Carlo Caico<\/li>\n<li>Christian Ejodamen<\/li>\n<li>Nagihan Erdas<\/li>\n<li>Christiane Gerster-Schmidt<\/li>\n<li>Ronald G\u00f6hring<\/li>\n<li>Andr\u00e9 auf der Heiden<\/li>\n<li>Imke Halbauer<\/li>\n<li>Dustin Hoffmann<\/li>\n<li>Angelika Kock<\/li>\n<li>J\u00fcrgen Ludwiczak<\/li>\n<li>Gisela Menzler<\/li>\n<li>Werner Perz<\/li>\n<li>Ren\u00e9 Priester<\/li>\n<li>Siegfried R\u00e4biger<\/li>\n<li>Andrea Samotta<\/li>\n<li>Kurt Sch\u00e4fer<\/li>\n<li>Hartmut Schmidt<\/li>\n<li>Andreas Schr\u00f6der<\/li>\n<li>Sabine Schulze<\/li>\n<li>Rolf Staecker<\/li>\n<li>Johannes Stelzer<\/li>\n<li>Ercan Telli<\/li>\n<li>Ilario Tomassilli<\/li>\n<li>Karin Tomassilli<\/li>\n<li>Gianni Virgallita<\/li>\n<li>Mareike Wagner<\/li>\n<li>R\u00fcdiger Wagner<\/li>\n<\/ul>\n","protected":false},"excerpt":{"rendered":"<p>In der letzten Jahreshauptversammlung des SPD Ortsvereins Oberhausen-Mitte verzichtete Ercan Telli auf eine erneute Kandidatur als Vorsitzender und gab den Vorsitz an Andreas Schr\u00f6der ab. Andreas Schr\u00f6der setzt wie Ercan&hellip; <\/p>\n","protected":false},"author":1,"featured_media":0,"comment_status":"closed","ping_status":"closed","sticky":false,"template":"","format":"standard","meta":{"footnotes":""},"categories":[173,178],"tags":[71,351,350],"quellen":[333],"class_list":["post-2464","post","type-post","status-publish","format-standard","hentry","category-parteileben","category-wahlen","tag-jahreshauptversammlung","tag-nachbarschaftskampagne","tag-ov-oberhausen-mitte","quellen-ov-mitte"],"_links":{"self":[{"href":"https:\/\/meier-gerdingh.de\/wp-spd-ob\/wp-json\/wp\/v2\/posts\/2464","targetHints":{"allow":["GET"]}}],"collection":[{"href":"https:\/\/meier-gerdingh.de\/wp-spd-ob\/wp-json\/wp\/v2\/posts"}],"about":[{"href":"https:\/\/meier-gerdingh.de\/wp-spd-ob\/wp-json\/wp\/v2\/types\/post"}],"author":[{"embeddable":true,"href":"https:\/\/meier-gerdingh.de\/wp-spd-ob\/wp-json\/wp\/v2\/users\/1"}],"replies":[{"embeddable":true,"href":"https:\/\/meier-gerdingh.de\/wp-spd-ob\/wp-json\/wp\/v2\/comments?post=2464"}],"version-history":[{"count":0,"href":"https:\/\/meier-gerdingh.de\/wp-spd-ob\/wp-json\/wp\/v2\/posts\/2464\/revisions"}],"wp:attachment":[{"href":"https:\/\/meier-gerdingh.de\/wp-spd-ob\/wp-json\/wp\/v2\/media?parent=2464"}],"wp:term":[{"taxonomy":"category","embeddable":true,"href":"https:\/\/meier-gerdingh.de\/wp-spd-ob\/wp-json\/wp\/v2\/categories?post=2464"},{"taxonomy":"post_tag","embeddable":true,"href":"https:\/\/meier-gerdingh.de\/wp-spd-ob\/wp-json\/wp\/v2\/tags?post=2464"},{"taxonomy":"quellen","embeddable":true,"href":"https:\/\/meier-gerdingh.de\/wp-spd-ob\/wp-json\/wp\/v2\/quellen?post=2464"}],"curies":[{"name":"wp","href":"https:\/\/api.w.org\/{rel}","templated":true}]}}