{"id":2466,"date":"2015-03-12T17:35:54","date_gmt":"2015-03-12T15:35:54","guid":{"rendered":"http:\/\/www.meier-gerdingh.de\/spd-oberhausen\/wp\/?p=2466"},"modified":"2016-12-26T17:38:09","modified_gmt":"2016-12-26T16:38:09","slug":"spd-bedauert-schlechten-stil-der-union","status":"publish","type":"post","link":"https:\/\/meier-gerdingh.de\/wp-spd-ob\/2015\/03\/12\/spd-bedauert-schlechten-stil-der-union\/","title":{"rendered":"SPD bedauert schlechten Stil der Union"},"content":{"rendered":"<div id=\"attachment_1410\" style=\"width: 150px\" class=\"wp-caption alignleft\"><a href=\"http:\/\/meier-gerdingh.de\/wp-spd-ob\/wp-content\/uploads\/grosse_broemer_wolfgang_14.jpg\"><img aria-describedby=\"caption-attachment-1410\" decoding=\"async\" class=\"size-full wp-image-1410\" src=\"http:\/\/meier-gerdingh.de\/wp-spd-ob\/wp-content\/uploads\/grosse_broemer_wolfgang_14.jpg\" alt=\"Wolfgang Gro\u00dfe Br\u00f6mer ist Vorsitzender der SPD-Ratsfraktion und Mitglied des Landtags von Nordrhein-Westfalen\" width=\"140\" height=\"169\" \/><\/a><p id=\"caption-attachment-1410\" class=\"wp-caption-text\">Wolfgang Gro\u00dfe Br\u00f6mer ist Vorsitzender der SPD-Ratsfraktion und Mitglied des Landtags von Nordrhein-Westfalen<\/p><\/div>\n<p><em>Reaktion auf den Artikel &#8222;Schranz in Oberhausen: Im zweiten Anlauf auf Siegerkurs?&#8220; in der WAZ Oberhausen vom 12.03.2015:<\/em><\/p>\n<p>&#8222;Unsere Freude dar\u00fcber, dass die CDU nach der offensichtlich sehr m\u00fchsamen und mutlosen Suche nach einem geeigneten Oberb\u00fcrgermeisterkandidaten diese nun endlich beendet hat, wird leider durch die von schlechtem Stil gepr\u00e4gten ersten christdemokratischen \u00c4u\u00dferungen gegen\u00fcber der Presse ged\u00e4mpft&#8220;, meint SPD-Fraktionschef Wolfgang Gro\u00dfe Br\u00f6mer.<!--more--><\/p>\n<p>Im Rahmen eines Portr\u00e4ts \u00fcber den designierten CDU-OB-Kandidaten Daniel Schranz wurde ein leider anonym verbleibender &#8222;CDU-Funktion\u00e4r&#8220; zur Frage der Wahlniederlage bei der OB-Wahl 2004 mit den Worten zitiert: &#8222;Damals konnte die SPD noch einen roten Putzlappen aufh\u00e4ngen und der w\u00e4re gew\u00e4hlt worden.&#8220; Vor 10 Jahren gewann der heute noch amtierende Oberb\u00fcrgermeister Klaus Wehling die Wahl.<\/p>\n<p>&#8222;Wir erwarten, dass sich der &#8217;stets mit betont h\u00f6flichen Umgangsformen&#8216; auftretende Kandidat Schranz von diesem Vergleich seiner Parteifreunde distanziert, der eindeutig das Ansehen und die F\u00e4higkeiten von Herrn Oberb\u00fcrgermeister Wehling herabsetzt&#8220;, fordert Wolfgang Gro\u00dfe Br\u00f6mer.<\/p>\n<p>Auch Parteichef Michael Groschek zeigt sich ver\u00e4rgert \u00fcber den Presseaufschlag der CDU: &#8222;Wir fragen uns: Warum muss man mit einer pers\u00f6nlichen Herabw\u00fcrdigung von SPD-Kandidaten &#8211; mit dem Vergleich des &#8218;roten Putzlappens&#8216; &#8211; ins Rennen gehen? Ein politischer Wettstreit um eine Kandidatur sollte doch nicht mit Beleidigungen sondern mit inhaltlichen Alternativen gef\u00fchrt und gef\u00fcttert werden.&#8220;<\/p>\n","protected":false},"excerpt":{"rendered":"<p>Reaktion auf den Artikel &#8222;Schranz in Oberhausen: Im zweiten Anlauf auf Siegerkurs?&#8220; in der WAZ Oberhausen vom 12.03.2015: &#8222;Unsere Freude dar\u00fcber, dass die CDU nach der offensichtlich sehr m\u00fchsamen und&hellip; <\/p>\n","protected":false},"author":1,"featured_media":0,"comment_status":"closed","ping_status":"closed","sticky":false,"template":"","format":"standard","meta":{"footnotes":""},"categories":[178],"tags":[80,25],"quellen":[326,327],"class_list":["post-2466","post","type-post","status-publish","format-standard","hentry","category-wahlen","tag-oberbuergermeisterwahl","tag-oberbuergermeisterwahl-2015","quellen-spd-fraktion-oberhausen","quellen-spd-unterbezirk-oberhausen"],"_links":{"self":[{"href":"https:\/\/meier-gerdingh.de\/wp-spd-ob\/wp-json\/wp\/v2\/posts\/2466","targetHints":{"allow":["GET"]}}],"collection":[{"href":"https:\/\/meier-gerdingh.de\/wp-spd-ob\/wp-json\/wp\/v2\/posts"}],"about":[{"href":"https:\/\/meier-gerdingh.de\/wp-spd-ob\/wp-json\/wp\/v2\/types\/post"}],"author":[{"embeddable":true,"href":"https:\/\/meier-gerdingh.de\/wp-spd-ob\/wp-json\/wp\/v2\/users\/1"}],"replies":[{"embeddable":true,"href":"https:\/\/meier-gerdingh.de\/wp-spd-ob\/wp-json\/wp\/v2\/comments?post=2466"}],"version-history":[{"count":0,"href":"https:\/\/meier-gerdingh.de\/wp-spd-ob\/wp-json\/wp\/v2\/posts\/2466\/revisions"}],"wp:attachment":[{"href":"https:\/\/meier-gerdingh.de\/wp-spd-ob\/wp-json\/wp\/v2\/media?parent=2466"}],"wp:term":[{"taxonomy":"category","embeddable":true,"href":"https:\/\/meier-gerdingh.de\/wp-spd-ob\/wp-json\/wp\/v2\/categories?post=2466"},{"taxonomy":"post_tag","embeddable":true,"href":"https:\/\/meier-gerdingh.de\/wp-spd-ob\/wp-json\/wp\/v2\/tags?post=2466"},{"taxonomy":"quellen","embeddable":true,"href":"https:\/\/meier-gerdingh.de\/wp-spd-ob\/wp-json\/wp\/v2\/quellen?post=2466"}],"curies":[{"name":"wp","href":"https:\/\/api.w.org\/{rel}","templated":true}]}}