{"id":2474,"date":"2015-03-18T09:43:08","date_gmt":"2015-03-18T07:43:08","guid":{"rendered":"http:\/\/www.meier-gerdingh.de\/spd-oberhausen\/wp\/?p=2474"},"modified":"2016-12-26T17:38:43","modified_gmt":"2016-12-26T16:38:43","slug":"groesstes-entlastungspaket-fuer-kommunen-seit-jahrzehnten","status":"publish","type":"post","link":"https:\/\/meier-gerdingh.de\/wp-spd-ob\/2015\/03\/18\/groesstes-entlastungspaket-fuer-kommunen-seit-jahrzehnten\/","title":{"rendered":"Gr\u00f6\u00dftes Entlastungspaket f\u00fcr Kommunen seit Jahrzehnten"},"content":{"rendered":"<div id=\"attachment_1681\" style=\"width: 150px\" class=\"wp-caption alignleft\"><a href=\"http:\/\/meier-gerdingh.de\/wp-spd-ob\/wp-content\/uploads\/voepel_dirk_mdb.jpg\"><img aria-describedby=\"caption-attachment-1681\" decoding=\"async\" class=\"size-full wp-image-1681\" src=\"http:\/\/meier-gerdingh.de\/wp-spd-ob\/wp-content\/uploads\/voepel_dirk_mdb.jpg\" alt=\"Dirk V\u00f6pel ist der direkt gew\u00e4hlte Bundestagsabgeordnete f\u00fcr Oberhausen und Dinslaken\" width=\"140\" height=\"180\" \/><\/a><p id=\"caption-attachment-1681\" class=\"wp-caption-text\">Dirk V\u00f6pel ist der direkt gew\u00e4hlte Bundestagsabgeordnete f\u00fcr Oberhausen und Dinslaken<\/p><\/div>\n<p>Das Bundekabinett hat heute den Entwurf des Nachtragshaushalts 2015 sowie die Eckpunkte zum Haushalt 2016 beschlossen. Damit ist der Weg frei f\u00fcr das gr\u00f6\u00dfte Entlastungspaket f\u00fcr Kommunen seit Jahrzehnten, wie der Oberhausener Bundestagsabgeordnete Dirk V\u00f6pel aus Berlin mitteilt. Neben den schon angek\u00fcndigten 10 Milliarden Euro f\u00fcr Investitionen in Deutschland hatte die SPD in z\u00e4hen Verhandlungen mit der Union eine weitere kr\u00e4ftige Finanzhilfe vor allem f\u00fcr arme St\u00e4dte in H\u00f6he von 5 Milliarden Euro durchsetzen k\u00f6nnen. &#8222;Damit erf\u00fcllen wir ein zentrales Wahlversprechen aus dem Bundestagswahlkampf. Endlich werden die Kommunen nicht mehr nach Himmelsrichtung, sondern nach Bed\u00fcrftigkeit gef\u00f6rdert. Das ist ein guter Tag auch f\u00fcr Oberhausen&#8220;, freut sich Dirk V\u00f6pel, der seit Jahren f\u00fcr eine bessere Finanzausstattung der St\u00e4dte und Gemeinden auch im Westen k\u00e4mpft.<!--more--><\/p>\n<p>Und so sollen die Kommunen vom 5-Milliarden-Hilfspaket profitieren:<\/p>\n<ul>\n<li>Mit 1,5 Milliarden Euro wird die bereits f\u00fcr 2017 beschlossene Entlastung von 1 Milliarde Euro auf dann insgesamt 2,5 Milliarden Euro mehr als verdoppelt.<\/li>\n<li>Herzst\u00fcck des Pakets aber ist ein 3,5 Milliarden Euro schwerer Fonds, mit dem zwischen 2015 und 2018 dringend erforderliche kommunale Investitionen in finanzschwachen St\u00e4dten gef\u00f6rdert werden sollen. Die Mittel f\u00fcr das Sonderverm\u00f6gen mit dem etwas sperrigen Namen &#8222;Kommunalinvestitionsf\u00f6rderungsfonds&#8220; werden noch 2015 bereitgestellt, der F\u00f6rdersatz betr\u00e4gt bis zu 90 %. Gef\u00f6rdert werden Investitionen in die Infrastruktur (L\u00e4rmschutz, energetische Sanierung, Informationstechnologie etc.), in Bildungseinrichtungen (z. B. fr\u00fchkindliche Einrichtungen, energetische Sanierung Schulen und Weiterbildungseinrichtungen) sowie mit dem Schwerpunkt Klimaschutz.<\/li>\n<\/ul>\n<p>Nordrhein-Westfalen mit seinen Ruhrgebietskommunen wird in besonderer Weise von dem Investitionsprogramm profitieren, da sich der Verteilungsschl\u00fcssel zu je einem Drittel aus der Einwohnerzahl, der H\u00f6he der Kassenkredite und der Anzahl der Arbeitslosen zusammensetzt und damit soziale und finanzielle Problemlagen st\u00e4rker ber\u00fccksichtigt sind. Unterm Strich geht knapp ein Drittel der 3,5 Milliarden Euro an die NRW-Kommunen.<\/p>\n<p>Der Bund liefert, nun seien die L\u00e4nder am Zug, die in eigener Verantwortung und mit gro\u00dfer Handlungsfreiheit die Kriterien festlegen k\u00f6nnen, welche Kommunen die Hilfen erhalten und welche Programme zur Weiterleitung der Mittel an die Kommunen aufgelegt werden, erkl\u00e4rt Dirk V\u00f6pel. Gef\u00f6rderte Projekte k\u00f6nnen dabei auch aus bereits geplanten Ma\u00dfnahmen bestehen. &#8222;Ich gehe davon aus, dass wir in Oberhausen sehr bald die \u00c4rmel noch ein St\u00fcck weiter aufkrempeln k\u00f6nnen nach dem Motto: Sanieren. Reparieren. Investieren.&#8220;<\/p>\n<p>Die endg\u00fcltige Verabschiedung des Nachtragshaushalts durch den Deutschen Bundestag soll bereits im Mai erfolgen, damit die Mittel die bed\u00fcrftigen Kommunen so schnell wie m\u00f6glich erreichen.<\/p>\n","protected":false},"excerpt":{"rendered":"<p>Das Bundekabinett hat heute den Entwurf des Nachtragshaushalts 2015 sowie die Eckpunkte zum Haushalt 2016 beschlossen. Damit ist der Weg frei f\u00fcr das gr\u00f6\u00dfte Entlastungspaket f\u00fcr Kommunen seit Jahrzehnten, wie&hellip; <\/p>\n","protected":false},"author":1,"featured_media":0,"comment_status":"closed","ping_status":"closed","sticky":false,"template":"","format":"standard","meta":{"footnotes":""},"categories":[180,98],"tags":[100,229,356,355,14,357],"quellen":[330],"class_list":["post-2474","post","type-post","status-publish","format-standard","hentry","category-bund","category-finanzen","tag-bundeshilfe","tag-bundesmittel","tag-investitionsprogramm-fuer-kommunen","tag-kommunale-investitionen","tag-kommunalfinanzen","tag-kommunalinvestitionsfoerderungsfonds","quellen-mdb-dirk-voepel"],"_links":{"self":[{"href":"https:\/\/meier-gerdingh.de\/wp-spd-ob\/wp-json\/wp\/v2\/posts\/2474","targetHints":{"allow":["GET"]}}],"collection":[{"href":"https:\/\/meier-gerdingh.de\/wp-spd-ob\/wp-json\/wp\/v2\/posts"}],"about":[{"href":"https:\/\/meier-gerdingh.de\/wp-spd-ob\/wp-json\/wp\/v2\/types\/post"}],"author":[{"embeddable":true,"href":"https:\/\/meier-gerdingh.de\/wp-spd-ob\/wp-json\/wp\/v2\/users\/1"}],"replies":[{"embeddable":true,"href":"https:\/\/meier-gerdingh.de\/wp-spd-ob\/wp-json\/wp\/v2\/comments?post=2474"}],"version-history":[{"count":0,"href":"https:\/\/meier-gerdingh.de\/wp-spd-ob\/wp-json\/wp\/v2\/posts\/2474\/revisions"}],"wp:attachment":[{"href":"https:\/\/meier-gerdingh.de\/wp-spd-ob\/wp-json\/wp\/v2\/media?parent=2474"}],"wp:term":[{"taxonomy":"category","embeddable":true,"href":"https:\/\/meier-gerdingh.de\/wp-spd-ob\/wp-json\/wp\/v2\/categories?post=2474"},{"taxonomy":"post_tag","embeddable":true,"href":"https:\/\/meier-gerdingh.de\/wp-spd-ob\/wp-json\/wp\/v2\/tags?post=2474"},{"taxonomy":"quellen","embeddable":true,"href":"https:\/\/meier-gerdingh.de\/wp-spd-ob\/wp-json\/wp\/v2\/quellen?post=2474"}],"curies":[{"name":"wp","href":"https:\/\/api.w.org\/{rel}","templated":true}]}}