{"id":2477,"date":"2015-03-19T09:58:45","date_gmt":"2015-03-19T07:58:45","guid":{"rendered":"http:\/\/www.meier-gerdingh.de\/spd-oberhausen\/wp\/?p=2477"},"modified":"2016-12-26T17:39:46","modified_gmt":"2016-12-26T16:39:46","slug":"mehr-sozialhilfe-fuer-menschen-mit-behinderungen-die-bei-angehoerigen-leben","status":"publish","type":"post","link":"https:\/\/meier-gerdingh.de\/wp-spd-ob\/2015\/03\/19\/mehr-sozialhilfe-fuer-menschen-mit-behinderungen-die-bei-angehoerigen-leben\/","title":{"rendered":"Mehr Sozialhilfe f\u00fcr Menschen mit Behinderungen, die bei Angeh\u00f6rigen leben"},"content":{"rendered":"<div id=\"attachment_1681\" style=\"width: 150px\" class=\"wp-caption alignleft\"><a href=\"http:\/\/meier-gerdingh.de\/wp-spd-ob\/wp-content\/uploads\/voepel_dirk_mdb.jpg\"><img aria-describedby=\"caption-attachment-1681\" decoding=\"async\" class=\"size-full wp-image-1681\" src=\"http:\/\/meier-gerdingh.de\/wp-spd-ob\/wp-content\/uploads\/voepel_dirk_mdb.jpg\" alt=\"Dirk V\u00f6pel ist der direkt gew\u00e4hlte Bundestagsabgeordnete f\u00fcr Oberhausen und Dinslaken\" width=\"140\" height=\"180\" \/><\/a><p id=\"caption-attachment-1681\" class=\"wp-caption-text\">Dirk V\u00f6pel ist der direkt gew\u00e4hlte Bundestagsabgeordnete f\u00fcr Oberhausen und Dinslaken<\/p><\/div>\n<p>Erwachsene Menschen mit Behinderungen, die bei Angeh\u00f6rigen leben, bekommen zuk\u00fcnftig mehr Sozialhilfe. Das Bundesministerium f\u00fcr Arbeit und Soziales k\u00fcndigte an, dass der Regelsatz auf das Niveau f\u00fcr Alleinstehende angehoben wird. &#8222;Ich freue mich, dass vollj\u00e4hrigen Menschen mit Behinderungen, die wegen ihrer Beeintr\u00e4chtigung noch zuhause leben, nicht weiter die Sozialhilfe gek\u00fcrzt wird. K\u00fcnftig erhalten sie 80 Euro mehr als heute. Damit wird eine Benachteiligung von Menschen mit Behinderung aufgehoben.&#8220;, erkl\u00e4rt Dirk V\u00f6pel, Bundestagsabgeordneter f\u00fcr Oberhausen und Dinslaken.<!--more--><\/p>\n<p>F\u00fcr 2016 hat Sozialministerin Andrea Nahles eine grunds\u00e4tzliche Reform der Regels\u00e4tze angek\u00fcndigt. Bis diese in Kraft tritt, soll eine \u00dcbergangsregelung gelten, wonach Erwachsene in der Regelbedarfsstufe III den Leistungsumfang der Regelbedarfsstufe I gew\u00e4hrt bekommen.<\/p>\n<p>&#8222;Alleinstehende Erwachsene, die Sozialhilfe erhalten, fallen in die Regelbedarfsstufe I und erhalten damit einen Regelsatz von 399 Euro pro Monat. Erwachsene, die weiter im elterlichen Haushalt leben, werden seit 2011 jedoch in die Regelbedarfsstufe III eingeteilt. Seitdem mussten sie eine K\u00fcrzung ihrer Sozialhilfeleistungen um 20 Prozent hinnehmen. Insbesondere Menschen mit Behinderungen, die oftmals weit \u00fcber ihre Vollj\u00e4hrigkeit hinaus von ihren Eltern unterst\u00fctzt werden, waren von dieser Regelung betroffen.&#8220;, \u00e4u\u00dferte sich V\u00f6pel zu der Entscheidung. &#8222;Ich freue mich sehr, dass wir diese Entscheidung aus der vergangenen Legislaturperiode wieder r\u00fcckg\u00e4ngig machen.&#8220;<\/p>\n<p>Der nun bekannt gewordenen Entscheidung des Bundessozialministeriums gingen mehrere Urteile des Bundessozialgerichts voraus. Seinen Urteilen nach verst\u00f6\u00dft die bislang erfolgte K\u00fcrzung der Sozialhilfe gegen den Gleichheitsgrundsatz und die UN-Behindertenrechtskonvention.<\/p>\n","protected":false},"excerpt":{"rendered":"<p>Erwachsene Menschen mit Behinderungen, die bei Angeh\u00f6rigen leben, bekommen zuk\u00fcnftig mehr Sozialhilfe. Das Bundesministerium f\u00fcr Arbeit und Soziales k\u00fcndigte an, dass der Regelsatz auf das Niveau f\u00fcr Alleinstehende angehoben wird.&hellip; <\/p>\n","protected":false},"author":1,"featured_media":0,"comment_status":"closed","ping_status":"closed","sticky":false,"template":"","format":"standard","meta":{"footnotes":""},"categories":[174],"tags":[361,360],"quellen":[330],"class_list":["post-2477","post","type-post","status-publish","format-standard","hentry","category-arbeit-und-soziales","tag-menschen-mit-behinderungen","tag-sozialhilfe","quellen-mdb-dirk-voepel"],"_links":{"self":[{"href":"https:\/\/meier-gerdingh.de\/wp-spd-ob\/wp-json\/wp\/v2\/posts\/2477","targetHints":{"allow":["GET"]}}],"collection":[{"href":"https:\/\/meier-gerdingh.de\/wp-spd-ob\/wp-json\/wp\/v2\/posts"}],"about":[{"href":"https:\/\/meier-gerdingh.de\/wp-spd-ob\/wp-json\/wp\/v2\/types\/post"}],"author":[{"embeddable":true,"href":"https:\/\/meier-gerdingh.de\/wp-spd-ob\/wp-json\/wp\/v2\/users\/1"}],"replies":[{"embeddable":true,"href":"https:\/\/meier-gerdingh.de\/wp-spd-ob\/wp-json\/wp\/v2\/comments?post=2477"}],"version-history":[{"count":0,"href":"https:\/\/meier-gerdingh.de\/wp-spd-ob\/wp-json\/wp\/v2\/posts\/2477\/revisions"}],"wp:attachment":[{"href":"https:\/\/meier-gerdingh.de\/wp-spd-ob\/wp-json\/wp\/v2\/media?parent=2477"}],"wp:term":[{"taxonomy":"category","embeddable":true,"href":"https:\/\/meier-gerdingh.de\/wp-spd-ob\/wp-json\/wp\/v2\/categories?post=2477"},{"taxonomy":"post_tag","embeddable":true,"href":"https:\/\/meier-gerdingh.de\/wp-spd-ob\/wp-json\/wp\/v2\/tags?post=2477"},{"taxonomy":"quellen","embeddable":true,"href":"https:\/\/meier-gerdingh.de\/wp-spd-ob\/wp-json\/wp\/v2\/quellen?post=2477"}],"curies":[{"name":"wp","href":"https:\/\/api.w.org\/{rel}","templated":true}]}}