{"id":2480,"date":"2015-03-20T10:10:45","date_gmt":"2015-03-20T08:10:45","guid":{"rendered":"http:\/\/www.meier-gerdingh.de\/spd-oberhausen\/wp\/?p=2480"},"modified":"2016-12-27T13:06:59","modified_gmt":"2016-12-27T12:06:59","slug":"betriebsraetekonferenz-mit-minister-schneider-ver-di-und-der-spd-oberhausen","status":"publish","type":"post","link":"https:\/\/meier-gerdingh.de\/wp-spd-ob\/2015\/03\/20\/betriebsraetekonferenz-mit-minister-schneider-ver-di-und-der-spd-oberhausen\/","title":{"rendered":"Betriebsr\u00e4tekonferenz mit Minister Schneider, ver.di und der SPD Oberhausen"},"content":{"rendered":"<p><a href=\"http:\/\/meier-gerdingh.de\/wp-spd-ob\/wp-content\/uploads\/betriebsraetekonferenz_moebel_guntram_schneider.jpg\"><img decoding=\"async\" class=\"aligncenter size-full wp-image-2481\" src=\"http:\/\/meier-gerdingh.de\/wp-spd-ob\/wp-content\/uploads\/betriebsraetekonferenz_moebel_guntram_schneider.jpg\" alt=\"betriebsraetekonferenz_moebel_guntram_schneider\" width=\"600\" height=\"368\" srcset=\"https:\/\/meier-gerdingh.de\/wp-spd-ob\/wp-content\/uploads\/betriebsraetekonferenz_moebel_guntram_schneider.jpg 600w, https:\/\/meier-gerdingh.de\/wp-spd-ob\/wp-content\/uploads\/betriebsraetekonferenz_moebel_guntram_schneider-300x184.jpg 300w\" sizes=\"(max-width: 600px) 100vw, 600px\" \/><\/a><em>Wie ist die aktuelle Situation f\u00fcr die Besch\u00e4ftigten im M\u00f6belhandel? Am vergangenen Sonntag trafen sich zu dieser Frage NRW-Arbeitsminister Guntram Schneider, Betriebsr\u00e4te aus der M\u00f6belbranche NRW und Vertreter von ver.di und der SPD Oberhausen zu einer gemeinsamen Konferenz.<\/em><\/p>\n<p>Bei dieser stellte sich schnell und ganz klar heraus: &#8222;Durch den starken Konzentrationsprozess diktieren wenige gro\u00dfe M\u00f6belunternehmen nicht nur die Preise, sondern auch die Arbeitsbedingungen \u2013 im Positiven, leider aber oft auch im Negativen&#8220;, so Minister Schneider. Die Betriebsr\u00e4te berichten, dass vielerorts zum Beispiel traditionelle Familienunternehmen von den Gro\u00dfen aufgekauft und diese dann in mehrere Gesellschaften aufgeteilt werden, um eine Trennung von Verm\u00f6gen und Personal zu schaffen. Dies bedeute in letzter Konsequenz, dass man sich sehr schnell von den Besch\u00e4ftigten trennen kann. &#8222;Und wenn es \u00fcberhaupt noch Betriebsr\u00e4te an den Standorten gibt, werden \u00f6fters ihre Mitwirkungsrechte beschnitten&#8220;, erl\u00e4utert der SPD-Vorsitzende Michael Groschek. Hinzu kommen zum Beispiel Arbeitszeitverst\u00f6\u00dfe. &#8222;Allein 2009 wurden uns bundesweit mehr als 1.000 Verst\u00f6\u00dfe bei der Unternehmensgruppe XXXLutz gemeldet. Auch in den folgenden Jahren waren hunderte Verst\u00f6\u00dfe zu verzeichnen&#8220;, erg\u00e4nzt Daniel Zimmermann, zust\u00e4ndig f\u00fcr die M\u00f6belbranche beim ver.di Landesbezirk NRW. &#8222;Auch die st\u00e4ndige Angst, einfach durch einen neuen, f\u00fcr das Unternehmen billigeren Mitarbeiter ersetzt zu werden, besch\u00e4ftigt einen&#8220;, so die anwesenden Betriebsr\u00e4te.<!--more--><\/p>\n<p>Die Idee f\u00fcr die Konferenz entstand in Oberhausen im Zuge der Diskussionen um den Abriss der Villa R\u00fcck \u2013 einem denkmalgesch\u00fctzten Haus auf dem Gel\u00e4nde des M\u00f6belhauses XXXL R\u00fcck. Dagegen gr\u00fcndete sich eine B\u00fcrgerinitiative. Dass sich aber nach dem Verkauf des Familienunternehmens R\u00fcck an die XXXLutz-Gruppe die Arbeitsbedingungen verschlechterten \u2013 daf\u00fcr interessierte sich erst mal keiner. Nur die SPD Oberhausen setzte sich umgehend gemeinsam mit dem Betriebsrat der Firma und ver.di zusammen und \u00fcberlegte sich ein Vorgehen, das nun vorerst in das Zusammentreffen m\u00fcndete.<\/p>\n<p>Die Ergebnisse der Konferenz sollen nun ganz konkret werden: Die anwesenden Betriebsr\u00e4te wollen sich in regelm\u00e4\u00dfigen Abst\u00e4nden zum Austausch treffen. Und auch die Politik bleibt aktiv. Minister Schneider versprach, sich auf den zust\u00e4ndigen h\u00f6heren politischen Ebenen einzusetzen. Auch w\u00fcrde er gerne vor Ort wirken und zum Beispiel an Mitarbeiterversammlungen teilnehmen. ver.di erkl\u00e4rte, dass ein weiteres wichtiges Ziel die Herstellung der Allgemeinverbindlichkeit in der Branche sei. Dies w\u00fcrde bedeuten, dass der Tarifvertrag auch f\u00fcr alle bisher nicht tarifgebundenen Arbeitgeber und Arbeitnehmer g\u00fcltig w\u00e4re. Die SPD Oberhausen und der R\u00fcck-Betriebsrat werden in Oberhausen weitere Schritte zur Verbesserung der Situation bei XXXLR\u00fcck \u00fcberlegen.<\/p>\n","protected":false},"excerpt":{"rendered":"<p>Wie ist die aktuelle Situation f\u00fcr die Besch\u00e4ftigten im M\u00f6belhandel? Am vergangenen Sonntag trafen sich zu dieser Frage NRW-Arbeitsminister Guntram Schneider, Betriebsr\u00e4te aus der M\u00f6belbranche NRW und Vertreter von ver.di&hellip; <\/p>\n","protected":false},"author":1,"featured_media":0,"comment_status":"closed","ping_status":"closed","sticky":false,"template":"","format":"standard","meta":{"footnotes":""},"categories":[174],"tags":[372,371,370,33,36],"quellen":[327],"class_list":["post-2480","post","type-post","status-publish","format-standard","hentry","category-arbeit-und-soziales","tag-arbeitnehmerrechte","tag-betriebsraetekonferenz-moebelbranche","tag-moebelhandel","tag-rueck","tag-xxxl","quellen-spd-unterbezirk-oberhausen"],"_links":{"self":[{"href":"https:\/\/meier-gerdingh.de\/wp-spd-ob\/wp-json\/wp\/v2\/posts\/2480","targetHints":{"allow":["GET"]}}],"collection":[{"href":"https:\/\/meier-gerdingh.de\/wp-spd-ob\/wp-json\/wp\/v2\/posts"}],"about":[{"href":"https:\/\/meier-gerdingh.de\/wp-spd-ob\/wp-json\/wp\/v2\/types\/post"}],"author":[{"embeddable":true,"href":"https:\/\/meier-gerdingh.de\/wp-spd-ob\/wp-json\/wp\/v2\/users\/1"}],"replies":[{"embeddable":true,"href":"https:\/\/meier-gerdingh.de\/wp-spd-ob\/wp-json\/wp\/v2\/comments?post=2480"}],"version-history":[{"count":0,"href":"https:\/\/meier-gerdingh.de\/wp-spd-ob\/wp-json\/wp\/v2\/posts\/2480\/revisions"}],"wp:attachment":[{"href":"https:\/\/meier-gerdingh.de\/wp-spd-ob\/wp-json\/wp\/v2\/media?parent=2480"}],"wp:term":[{"taxonomy":"category","embeddable":true,"href":"https:\/\/meier-gerdingh.de\/wp-spd-ob\/wp-json\/wp\/v2\/categories?post=2480"},{"taxonomy":"post_tag","embeddable":true,"href":"https:\/\/meier-gerdingh.de\/wp-spd-ob\/wp-json\/wp\/v2\/tags?post=2480"},{"taxonomy":"quellen","embeddable":true,"href":"https:\/\/meier-gerdingh.de\/wp-spd-ob\/wp-json\/wp\/v2\/quellen?post=2480"}],"curies":[{"name":"wp","href":"https:\/\/api.w.org\/{rel}","templated":true}]}}