{"id":2496,"date":"2015-04-02T19:00:44","date_gmt":"2015-04-02T17:00:44","guid":{"rendered":"http:\/\/www.meier-gerdingh.de\/spd-oberhausen\/wp\/?p=2496"},"modified":"2016-12-27T13:08:30","modified_gmt":"2016-12-27T12:08:30","slug":"100-tage-mindestlohn100-tage-arbeitsmarktpolitischer-fortschritt","status":"publish","type":"post","link":"https:\/\/meier-gerdingh.de\/wp-spd-ob\/2015\/04\/02\/100-tage-mindestlohn100-tage-arbeitsmarktpolitischer-fortschritt\/","title":{"rendered":"100 Tage Mindestlohn,<br>100 Tage arbeitsmarktpolitischer Fortschritt"},"content":{"rendered":"<p><a href=\"http:\/\/meier-gerdingh.de\/wp-spd-ob\/wp-content\/uploads\/banner_mindestlohn_100_tage.png\"><img decoding=\"async\" class=\"aligncenter size-full wp-image-2506\" src=\"http:\/\/meier-gerdingh.de\/wp-spd-ob\/wp-content\/uploads\/banner_mindestlohn_100_tage.png\" alt=\"Banner &quot;100 Tage Mindestlohn&quot;\" width=\"600\" height=\"295\" srcset=\"https:\/\/meier-gerdingh.de\/wp-spd-ob\/wp-content\/uploads\/banner_mindestlohn_100_tage.png 600w, https:\/\/meier-gerdingh.de\/wp-spd-ob\/wp-content\/uploads\/banner_mindestlohn_100_tage-300x148.png 300w\" sizes=\"(max-width: 600px) 100vw, 600px\" \/><\/a><em>Seit 100 Tagen gibt es mit dem fl\u00e4chendeckenden gesetzlichen Mindestlohn eine Lohnuntergrenze, die viele Besch\u00e4ftigte unabh\u00e4ngig von erg\u00e4nzenden Sozialleistungen macht. Und das macht sich bemerkbar: Die g\u00fcnstige Entwicklung am Arbeitsmarkt h\u00e4lt weiter an und der Mindestlohn sorgt f\u00fcr ein Umsatzplus im Einzelhandel. Den Mindestlohn bef\u00fcrworten laut einer Umfrage fast 90 Prozent der Bundesb\u00fcrger.<\/em><\/p>\n<p>&#8222;Der Mindestlohn sorgt seit 100 Tagen daf\u00fcr, dass rund 3,7 Millionen Menschen endlich einen anst\u00e4ndigen Lohn erhalten und Lohndumping ein Ende gesetzt wird. Und das ist gut so, denn wir brauchen mehr ehrliche Arbeit, nicht weniger &#8211; das ist soziale Marktwirtschaft&#8220;, erkl\u00e4rt der Bundestagsabgeordnete Dirk V\u00f6pel. &#8222;100 Tage Mindestlohn bedeuten 100 Tage arbeitsmarktpolitischen Fortschritt.&#8220;<!--more--><\/p>\n<p>Der Einzelhandel profitiere vom Mindestlohn und die Bundesagentur f\u00fcr Arbeit gehe davon aus, dass die Anzahl der Aufstocker &#8211; Personen, die trotz Erwerbst\u00e4tigkeit Arbeitslosengeld II beziehen &#8211; zur\u00fcckgehen wird. &#8222;Das spart allen Steuerzahlern viel Geld&#8220;, so V\u00f6pel. Der gesetzliche Mindestlohn habe, anders als von seinen Kritikern erwartet, bislang keine Arbeitspl\u00e4tze gekostet &#8211; im Gegenteil: &#8222;Es gibt keine Jobverluste, es werden auch weiterhin im Niedriglohnbereich Arbeitskr\u00e4fte gesucht.&#8220;<\/p>\n<p>Diese Vorteile sehen auch die B\u00fcrgerinnen und B\u00fcrger: Laut einer repr\u00e4sentativen Umfrage von infratest dimap im Auftrag des Deutschen Gewerkschaftsbundes sind 86 Prozent der Deutschen f\u00fcr den Mindestlohn in H\u00f6he von 8,50 Euro: &#8222;Diese Umfrage st\u00e4rkt auch die ehrlichen Unternehmer im Land, die den Mindestlohn konsequent umsetzen&#8220;, sagt der Bundestagsabgeordnete f\u00fcr Oberhausen und Dinslaken.<\/p>\n<p>Leider werde durch die Umfrage auch die Bef\u00fcrchtung im Vorfeld der Mindestlohn-Einf\u00fchrung best\u00e4tigt, wonach Arbeitgeber versuchen k\u00f6nnten, den Mindestlohn zu umgehen. Fast jeder f\u00fcnfte der Befragten (18 Prozent) gab demnach an, Erfahrungen mit solchen Umgehungen gemacht zu haben.<\/p>\n<p>&#8222;Der Mindestlohn braucht deshalb Dokumentationspflichten &#8211; auch zum Schutz der ehrlichen Arbeitgeber. Denn nur korrekte Dokumentation und eine ordentliche Kontrolle legen die Axt an Schwarzarbeit, Schattenwirtschaft und Dumpingl\u00f6hne&#8220;, unterstreicht V\u00f6pel. Die Aufzeichnungspflichten gelten nur f\u00fcr die neun Branchen, die im Schwarzarbeitsbek\u00e4mpfungsgesetz genannt sind. Dieses Gesetz gibt es seit Jahren. Der einzige Bereich, der neu hinzugekommen ist, sind die Minijobs &#8211; nur die gewerblichen, nicht die in Privathaushalten.<\/p>\n<p>&#8222;Klar ist aber auch: Gute Politik lebt vom Dialog. Derzeit f\u00fchrt unsere Bundesarbeitsministerin Andrea Nahles Gespr\u00e4che mit den Branchen, die Probleme bei der Umsetzung der Mindestlohn-Regelungen haben. Und es wird eine erste Bestandsaufnahme des Mindestlohngesetzes geben&#8220;, k\u00fcndigt Dirk V\u00f6pel an. Einem &#8222;Mindestlohn-Light&#8220; werde die SPD jedoch nicht die Hand reichen.<\/p>\n","protected":false},"excerpt":{"rendered":"<p>Seit 100 Tagen gibt es mit dem fl\u00e4chendeckenden gesetzlichen Mindestlohn eine Lohnuntergrenze, die viele Besch\u00e4ftigte unabh\u00e4ngig von erg\u00e4nzenden Sozialleistungen macht. Und das macht sich bemerkbar: Die g\u00fcnstige Entwicklung am Arbeitsmarkt&hellip; <\/p>\n","protected":false},"author":1,"featured_media":0,"comment_status":"closed","ping_status":"closed","sticky":false,"template":"","format":"standard","meta":{"footnotes":""},"categories":[174,180],"tags":[294,293],"quellen":[330],"class_list":["post-2496","post","type-post","status-publish","format-standard","hentry","category-arbeit-und-soziales","category-bund","tag-aufzeichnungspflichten-mindestlohn","tag-mindestlohn","quellen-mdb-dirk-voepel"],"_links":{"self":[{"href":"https:\/\/meier-gerdingh.de\/wp-spd-ob\/wp-json\/wp\/v2\/posts\/2496","targetHints":{"allow":["GET"]}}],"collection":[{"href":"https:\/\/meier-gerdingh.de\/wp-spd-ob\/wp-json\/wp\/v2\/posts"}],"about":[{"href":"https:\/\/meier-gerdingh.de\/wp-spd-ob\/wp-json\/wp\/v2\/types\/post"}],"author":[{"embeddable":true,"href":"https:\/\/meier-gerdingh.de\/wp-spd-ob\/wp-json\/wp\/v2\/users\/1"}],"replies":[{"embeddable":true,"href":"https:\/\/meier-gerdingh.de\/wp-spd-ob\/wp-json\/wp\/v2\/comments?post=2496"}],"version-history":[{"count":0,"href":"https:\/\/meier-gerdingh.de\/wp-spd-ob\/wp-json\/wp\/v2\/posts\/2496\/revisions"}],"wp:attachment":[{"href":"https:\/\/meier-gerdingh.de\/wp-spd-ob\/wp-json\/wp\/v2\/media?parent=2496"}],"wp:term":[{"taxonomy":"category","embeddable":true,"href":"https:\/\/meier-gerdingh.de\/wp-spd-ob\/wp-json\/wp\/v2\/categories?post=2496"},{"taxonomy":"post_tag","embeddable":true,"href":"https:\/\/meier-gerdingh.de\/wp-spd-ob\/wp-json\/wp\/v2\/tags?post=2496"},{"taxonomy":"quellen","embeddable":true,"href":"https:\/\/meier-gerdingh.de\/wp-spd-ob\/wp-json\/wp\/v2\/quellen?post=2496"}],"curies":[{"name":"wp","href":"https:\/\/api.w.org\/{rel}","templated":true}]}}