{"id":2497,"date":"2015-04-06T19:05:13","date_gmt":"2015-04-06T17:05:13","guid":{"rendered":"http:\/\/www.meier-gerdingh.de\/spd-oberhausen\/wp\/?p=2497"},"modified":"2016-12-27T13:08:43","modified_gmt":"2016-12-27T12:08:43","slug":"rechtssicherheit-fuer-w-lan-anbieter","status":"publish","type":"post","link":"https:\/\/meier-gerdingh.de\/wp-spd-ob\/2015\/04\/06\/rechtssicherheit-fuer-w-lan-anbieter\/","title":{"rendered":"Rechtssicherheit f\u00fcr W-Lan-Anbieter"},"content":{"rendered":"<div id=\"attachment_2087\" style=\"width: 150px\" class=\"wp-caption alignleft\"><a href=\"http:\/\/meier-gerdingh.de\/wp-spd-ob\/wp-content\/uploads\/tasalastras_apostolos_14.jpg\"><img aria-describedby=\"caption-attachment-2087\" decoding=\"async\" class=\"size-full wp-image-2087\" src=\"http:\/\/meier-gerdingh.de\/wp-spd-ob\/wp-content\/uploads\/tasalastras_apostolos_14.jpg\" alt=\"Apostolos Tasalastras, Erster Beigeordneter und Oberb\u00fcrgermeister-Kandidat der Oberhausener SPD zur OB-Wahl am 13. September 2015\" width=\"140\" height=\"181\" srcset=\"https:\/\/meier-gerdingh.de\/wp-spd-ob\/wp-content\/uploads\/tasalastras_apostolos_14.jpg 140w, https:\/\/meier-gerdingh.de\/wp-spd-ob\/wp-content\/uploads\/tasalastras_apostolos_14-116x150.jpg 116w\" sizes=\"(max-width: 140px) 100vw, 140px\" \/><\/a><p id=\"caption-attachment-2087\" class=\"wp-caption-text\">Apostolos Tasalastras, Erster Beigeordneter und Oberb\u00fcrgermeister-Kandidat der Oberhausener SPD zur OB-Wahl am 13. September 2015<\/p><\/div>\n<p>&#8222;Der Zugang zum freien W-Lan muss gesetzlich neu geregelt werden&#8220;, fordert Apostolos Tsalastras. Der Erste Beigeordnete plant ein Gratis-W-Lan-Angebot f\u00fcr Oberhausen, angefangen in der Marktstra\u00dfe. &#8222;Nach der momentanen Gesetzeslage l\u00e4uft der Anbieter eines Drahtlosnetzes Gefahr, f\u00fcr illegale Downloads haftbar gemacht zu werden.&#8220; Tsalastras begr\u00fc\u00dft es deshalb, dass das Ministerium von Wirtschaftsminister Sigmar Gabriel den Entwurf einer Neuregelung vorgelegt hat. Bei dem m\u00fcsse jetzt gepr\u00fcft werden, ob sie den \u00f6ffentlichen Internetzugang in ausreichendem Ma\u00dfe vereinfacht.<!--more--><\/p>\n<p>Tsalastras k\u00fcndigt an, den freien W-Lan-Zugang zum Thema im SPD-Landesvorstand zu machen und mit Ministerpr\u00e4sidentin Hannelore Kraft zu besprechen.<\/p>\n<p>&#8222;Ich m\u00f6chte, dass man bei uns in Oberhausen k\u00fcnftig genauso einfach ins W-Lan kommt, wie in vielen niederl\u00e4ndischen Urlaubsorten&#8220;, sagt Apostolos Tsalastras. &#8222;Deswegen darf es keine abschreckenden Anmeldeprozeduren geben.&#8220; Das Netz solle schlie\u00dflich nicht nur von Oberhausenern genutzt werden k\u00f6nnen, sondern auch von G\u00e4sten und Touristen.&#8220;<\/p>\n<p>Der in Berlin vorliegende Gesetzesentwurf birgt noch zu viele Unsicherheiten&#8220;, bef\u00fcrchtet der Landtagsabgeordnete Stefan Zimkeit. Insbesondere die Benachteiligung privater Anbieter sei nicht im Sinne der Landesregierung. &#8222;Hannelore Kraft hat den digitalen Strukturwandel Nordrhein-Westfalens zu einem Schwerpunkt ihrer Politik erkl\u00e4rt. Der W-Lan-Ausbau ist ein wichtiger Baustein dieser Strategie.&#8220;<\/p>\n<p>Mit dem Gesetzesentwurf des Bundeswirtschaftsministeriums sollen \u00f6ffentliche und gesch\u00e4ftsm\u00e4\u00dfige W-Lan-Betreiber von der Haftung freigestellt werden, wenn sie ihr Netz verschl\u00fcsseln und eine Erkl\u00e4rung ihrer Nutzer einholen, dass diese keine Rechtsverletzung begehen.<\/p>\n","protected":false},"excerpt":{"rendered":"<p>&#8222;Der Zugang zum freien W-Lan muss gesetzlich neu geregelt werden&#8220;, fordert Apostolos Tsalastras. Der Erste Beigeordnete plant ein Gratis-W-Lan-Angebot f\u00fcr Oberhausen, angefangen in der Marktstra\u00dfe. &#8222;Nach der momentanen Gesetzeslage l\u00e4uft&hellip; <\/p>\n","protected":false},"author":1,"featured_media":0,"comment_status":"closed","ping_status":"closed","sticky":false,"template":"","format":"standard","meta":{"footnotes":""},"categories":[180,16],"tags":[250,380,378,377,379],"quellen":[327],"class_list":["post-2497","post","type-post","status-publish","format-standard","hentry","category-bund","category-stadtentwicklung","tag-apostolos-tsalastras","tag-digitaler-strukturwandel","tag-gratis-w-lan","tag-w-lan","tag-w-lan-ausbau","quellen-spd-unterbezirk-oberhausen"],"_links":{"self":[{"href":"https:\/\/meier-gerdingh.de\/wp-spd-ob\/wp-json\/wp\/v2\/posts\/2497","targetHints":{"allow":["GET"]}}],"collection":[{"href":"https:\/\/meier-gerdingh.de\/wp-spd-ob\/wp-json\/wp\/v2\/posts"}],"about":[{"href":"https:\/\/meier-gerdingh.de\/wp-spd-ob\/wp-json\/wp\/v2\/types\/post"}],"author":[{"embeddable":true,"href":"https:\/\/meier-gerdingh.de\/wp-spd-ob\/wp-json\/wp\/v2\/users\/1"}],"replies":[{"embeddable":true,"href":"https:\/\/meier-gerdingh.de\/wp-spd-ob\/wp-json\/wp\/v2\/comments?post=2497"}],"version-history":[{"count":0,"href":"https:\/\/meier-gerdingh.de\/wp-spd-ob\/wp-json\/wp\/v2\/posts\/2497\/revisions"}],"wp:attachment":[{"href":"https:\/\/meier-gerdingh.de\/wp-spd-ob\/wp-json\/wp\/v2\/media?parent=2497"}],"wp:term":[{"taxonomy":"category","embeddable":true,"href":"https:\/\/meier-gerdingh.de\/wp-spd-ob\/wp-json\/wp\/v2\/categories?post=2497"},{"taxonomy":"post_tag","embeddable":true,"href":"https:\/\/meier-gerdingh.de\/wp-spd-ob\/wp-json\/wp\/v2\/tags?post=2497"},{"taxonomy":"quellen","embeddable":true,"href":"https:\/\/meier-gerdingh.de\/wp-spd-ob\/wp-json\/wp\/v2\/quellen?post=2497"}],"curies":[{"name":"wp","href":"https:\/\/api.w.org\/{rel}","templated":true}]}}