{"id":2498,"date":"2015-04-08T19:09:18","date_gmt":"2015-04-08T17:09:18","guid":{"rendered":"http:\/\/www.meier-gerdingh.de\/spd-oberhausen\/wp\/?p=2498"},"modified":"2016-12-27T13:09:02","modified_gmt":"2016-12-27T12:09:02","slug":"hausaerztliche-versorgung-langfristig-sichern","status":"publish","type":"post","link":"https:\/\/meier-gerdingh.de\/wp-spd-ob\/2015\/04\/08\/hausaerztliche-versorgung-langfristig-sichern\/","title":{"rendered":"Haus\u00e4rztliche Versorgung langfristig sichern"},"content":{"rendered":"<div id=\"attachment_1359\" style=\"width: 150px\" class=\"wp-caption alignleft\"><a href=\"http:\/\/meier-gerdingh.de\/wp-spd-ob\/wp-content\/uploads\/flore_manfred_14.jpg\"><img aria-describedby=\"caption-attachment-1359\" decoding=\"async\" class=\"size-full wp-image-1359\" src=\"http:\/\/meier-gerdingh.de\/wp-spd-ob\/wp-content\/uploads\/flore_manfred_14.jpg\" alt=\"Manfred Flore ist umwelt- und kulturpolitischer Sprecher der SPD-Fraktion\" width=\"140\" height=\"169\" \/><\/a><p id=\"caption-attachment-1359\" class=\"wp-caption-text\">Manfred Flore ist umwelt- und kulturpolitischer Sprecher der SPD-Fraktion<\/p><\/div>\n<p>Auf Initiative der SPD-Fraktion wurde das Thema &#8222;Haus\u00e4rztliche Versorgung in Oberhausen&#8220; im letzten Sozialausschuss behandelt. Laut dem Versorgungsreport 2013 der Kassen\u00e4rztlichen Vereinigung Nordrhein (KVNO) w\u00fcrden in Oberhausen im Jahr 2030 circa 40 Haus\u00e4rzte fehlen. &#8222;Dies zeigt, dass der demografische Wandel auch die Haus\u00e4rzte nicht verschont&#8220;, so Manfred Flore, Ratsmitglied der SPD-Fraktion in Oberhausen.<!--more--><\/p>\n<p>Erste Ma\u00dfnahmen, die diesem Trend entgegenwirken sollen, werden in der n\u00e4chsten Sitzung des Sozialausschusses am 22.04.2015 von der KVNO vorgestellt. &#8222;Aus unserer Sicht ist es notwendig, die haus\u00e4rztliche Versorgung in Oberhausen langfristig zu sichern. Wir werden die KV Nordrhein nicht aus Ihrer Pflicht entlassen, den Versorgungsauftrag auch f\u00fcr Oberhausen zu erf\u00fcllen&#8220;, macht Flore deutlich.<\/p>\n","protected":false},"excerpt":{"rendered":"<p>Auf Initiative der SPD-Fraktion wurde das Thema &#8222;Haus\u00e4rztliche Versorgung in Oberhausen&#8220; im letzten Sozialausschuss behandelt. Laut dem Versorgungsreport 2013 der Kassen\u00e4rztlichen Vereinigung Nordrhein (KVNO) w\u00fcrden in Oberhausen im Jahr 2030&hellip; <\/p>\n","protected":false},"author":1,"featured_media":0,"comment_status":"closed","ping_status":"closed","sticky":false,"template":"","format":"standard","meta":{"footnotes":""},"categories":[297],"tags":[298,381,320,319],"quellen":[326],"class_list":["post-2498","post","type-post","status-publish","format-standard","hentry","category-gesundheit","tag-hausaerzteversorgung","tag-hausaerztliche-versorgung","tag-kassenaerztliche-vereinigung","tag-sozialausschuss","quellen-spd-fraktion-oberhausen"],"_links":{"self":[{"href":"https:\/\/meier-gerdingh.de\/wp-spd-ob\/wp-json\/wp\/v2\/posts\/2498","targetHints":{"allow":["GET"]}}],"collection":[{"href":"https:\/\/meier-gerdingh.de\/wp-spd-ob\/wp-json\/wp\/v2\/posts"}],"about":[{"href":"https:\/\/meier-gerdingh.de\/wp-spd-ob\/wp-json\/wp\/v2\/types\/post"}],"author":[{"embeddable":true,"href":"https:\/\/meier-gerdingh.de\/wp-spd-ob\/wp-json\/wp\/v2\/users\/1"}],"replies":[{"embeddable":true,"href":"https:\/\/meier-gerdingh.de\/wp-spd-ob\/wp-json\/wp\/v2\/comments?post=2498"}],"version-history":[{"count":0,"href":"https:\/\/meier-gerdingh.de\/wp-spd-ob\/wp-json\/wp\/v2\/posts\/2498\/revisions"}],"wp:attachment":[{"href":"https:\/\/meier-gerdingh.de\/wp-spd-ob\/wp-json\/wp\/v2\/media?parent=2498"}],"wp:term":[{"taxonomy":"category","embeddable":true,"href":"https:\/\/meier-gerdingh.de\/wp-spd-ob\/wp-json\/wp\/v2\/categories?post=2498"},{"taxonomy":"post_tag","embeddable":true,"href":"https:\/\/meier-gerdingh.de\/wp-spd-ob\/wp-json\/wp\/v2\/tags?post=2498"},{"taxonomy":"quellen","embeddable":true,"href":"https:\/\/meier-gerdingh.de\/wp-spd-ob\/wp-json\/wp\/v2\/quellen?post=2498"}],"curies":[{"name":"wp","href":"https:\/\/api.w.org\/{rel}","templated":true}]}}