{"id":2499,"date":"2015-04-14T19:13:16","date_gmt":"2015-04-14T17:13:16","guid":{"rendered":"http:\/\/www.meier-gerdingh.de\/spd-oberhausen\/wp\/?p=2499"},"modified":"2016-12-27T13:09:20","modified_gmt":"2016-12-27T12:09:20","slug":"hundefreilaufflaeche-im-sterkrader-volkspark-leider-nicht-moeglich","status":"publish","type":"post","link":"https:\/\/meier-gerdingh.de\/wp-spd-ob\/2015\/04\/14\/hundefreilaufflaeche-im-sterkrader-volkspark-leider-nicht-moeglich\/","title":{"rendered":"Hundefreilauffl\u00e4che im Sterkrader Volkspark leider nicht m\u00f6glich"},"content":{"rendered":"<div id=\"attachment_1359\" style=\"width: 150px\" class=\"wp-caption alignleft\"><a href=\"http:\/\/meier-gerdingh.de\/wp-spd-ob\/wp-content\/uploads\/flore_manfred_14.jpg\"><img aria-describedby=\"caption-attachment-1359\" decoding=\"async\" class=\"size-full wp-image-1359\" src=\"http:\/\/meier-gerdingh.de\/wp-spd-ob\/wp-content\/uploads\/flore_manfred_14.jpg\" alt=\"Manfred Flore ist umwelt- und kulturpolitischer Sprecher der SPD-Fraktion\" width=\"140\" height=\"169\" \/><\/a><p id=\"caption-attachment-1359\" class=\"wp-caption-text\">Manfred Flore ist umwelt- und kulturpolitischer Sprecher der SPD-Fraktion<\/p><\/div>\n<p>Der umweltpolitische Sprecher der SPD Fraktion Manfred Flore kann den Hundebesitzern leider keine Hoffnung auf Einrichtung einer Hundefreilauffl\u00e4che im Volkspark machen. &#8222;Bei den Hundebesitzern der Sterkrader Innenstadt ist der Volkspark sehr beliebt, um mit den Vierbeinern spazieren zu gehen. Die auch in Oberhausen vorhandene Anleinplicht setzt dem Bewegungsdrang der Vierbeiner jedoch leider oft Grenzen&#8220;, so Flore. Darum habe er auf Anregung von einigen Hundefreuden pr\u00fcfen lassen, ob in der N\u00e4he der Sterkrader Innenstadt oder im Volkspark die Einrichtung einer Hundefreilauffl\u00e4che m\u00f6glich sei.<!--more--><\/p>\n<p>Die Ergebnisse liegen nun vor und kommen aber leider zu dem Schluss, dass keine der st\u00e4dtischen Fl\u00e4chen wie die an der Gatroper Stra\u00dfe, im Volkspark Sterkrade oder auf dem Zechengel\u00e4nde Sterkrade den Anforderungen f\u00fcr die Einrichtung einer Hundefreilauffl\u00e4che entspricht. Hundefreilauffl\u00e4chen m\u00fcssen, so die Stadtverwaltung, unter anderem eine Mindestgr\u00f6\u00dfe von 1.500 qm (mindestens 70 % Rasenfl\u00e4che) haben und d\u00fcrfen nicht unmittelbarer in der N\u00e4he zu Einrichtungen liegen, die von Kindern oder Jugendlichen genutzt werden.<\/p>\n<p>Besonders der Volkspark werde jedoch intensiv von Kindern, dem Schulsport, Radfahrern, Joggern und Spazierg\u00e4ngern genutzt. Hier m\u00fcssten alle aufeinander R\u00fccksicht nehmen und deshalb auch die Hunde weiter an der Leine bleiben. &#8222;Leider werden die Hundebesitzter aus der Sterkrader Innenstadt, wenn sie ihre vierbeinigen Freunde laufen lassen wollen, weiter die etwas entfernter gelegenen Freilauffl\u00e4chen nutzen m\u00fcssen&#8220;, bedauert Flore abschlie\u00dfend.<\/p>\n","protected":false},"excerpt":{"rendered":"<p>Der umweltpolitische Sprecher der SPD Fraktion Manfred Flore kann den Hundebesitzern leider keine Hoffnung auf Einrichtung einer Hundefreilauffl\u00e4che im Volkspark machen. &#8222;Bei den Hundebesitzern der Sterkrader Innenstadt ist der Volkspark&hellip; <\/p>\n","protected":false},"author":1,"featured_media":0,"comment_status":"closed","ping_status":"closed","sticky":false,"template":"","format":"standard","meta":{"footnotes":""},"categories":[29],"tags":[44,45,234,114,46,344],"quellen":[326],"class_list":["post-2499","post","type-post","status-publish","format-standard","hentry","category-umwelt","tag-hunde","tag-hundefreilaufflaechen","tag-innenstadt-sterkrade","tag-sauberkeit","tag-sterkrade","tag-volkspark-sterkrade","quellen-spd-fraktion-oberhausen"],"_links":{"self":[{"href":"https:\/\/meier-gerdingh.de\/wp-spd-ob\/wp-json\/wp\/v2\/posts\/2499","targetHints":{"allow":["GET"]}}],"collection":[{"href":"https:\/\/meier-gerdingh.de\/wp-spd-ob\/wp-json\/wp\/v2\/posts"}],"about":[{"href":"https:\/\/meier-gerdingh.de\/wp-spd-ob\/wp-json\/wp\/v2\/types\/post"}],"author":[{"embeddable":true,"href":"https:\/\/meier-gerdingh.de\/wp-spd-ob\/wp-json\/wp\/v2\/users\/1"}],"replies":[{"embeddable":true,"href":"https:\/\/meier-gerdingh.de\/wp-spd-ob\/wp-json\/wp\/v2\/comments?post=2499"}],"version-history":[{"count":0,"href":"https:\/\/meier-gerdingh.de\/wp-spd-ob\/wp-json\/wp\/v2\/posts\/2499\/revisions"}],"wp:attachment":[{"href":"https:\/\/meier-gerdingh.de\/wp-spd-ob\/wp-json\/wp\/v2\/media?parent=2499"}],"wp:term":[{"taxonomy":"category","embeddable":true,"href":"https:\/\/meier-gerdingh.de\/wp-spd-ob\/wp-json\/wp\/v2\/categories?post=2499"},{"taxonomy":"post_tag","embeddable":true,"href":"https:\/\/meier-gerdingh.de\/wp-spd-ob\/wp-json\/wp\/v2\/tags?post=2499"},{"taxonomy":"quellen","embeddable":true,"href":"https:\/\/meier-gerdingh.de\/wp-spd-ob\/wp-json\/wp\/v2\/quellen?post=2499"}],"curies":[{"name":"wp","href":"https:\/\/api.w.org\/{rel}","templated":true}]}}