{"id":250,"date":"2003-05-21T16:00:00","date_gmt":"2003-05-21T14:00:00","guid":{"rendered":"http:\/\/www.meier-gerdingh.de\/spd-oberhausen\/wp\/?p=250"},"modified":"2017-05-02T17:49:16","modified_gmt":"2017-05-02T15:49:16","slug":"kleiner-parteitag-steht-einstimmig-hinter-kanzler-reformen","status":"publish","type":"post","link":"https:\/\/meier-gerdingh.de\/wp-spd-ob\/2003\/05\/21\/kleiner-parteitag-steht-einstimmig-hinter-kanzler-reformen\/","title":{"rendered":"&#8222;Kleiner Parteitag&#8220; steht einstimmig hinter Kanzler-Reformen"},"content":{"rendered":"<p><a href=\"http:\/\/meier-gerdingh.de\/wp-spd-ob\/wp-content\/uploads\/logo_spd_ob.gif\"><img decoding=\"async\" class=\"size-full alignleft\" src=\"http:\/\/meier-gerdingh.de\/wp-spd-ob\/wp-content\/uploads\/logo_spd_ob.gif\" alt=\"\" width=\"140\" height=\"150\" \/><\/a>Oberhausens Genossinnen und Genossen diskutierten im Unterbezirksausschuss,<br \/>\ndem &#8222;kleinen Parteitag&#8220; der SPD, zu Fragen der Modernisierung des Arbeitsmarktes und der Zukunft der sozialen Sicherungssysteme. Eine gewichtige Rolle bei der Diskussion spielten aber nicht nur die Agenda 2010 selbst, sondern auch die Erg\u00e4nzungsvorschl\u00e4ge der nordrhein-westf\u00e4lischen SPD zur selben, u.a. im Bereich des Gesundheitswesen, der Modernisierung von Arbeitsmarkt und Arbeitsverwaltung und der St\u00e4rkung kommunaler Finanzen.<!--more--><\/p>\n<p>So soll nach den Vorstellungen der NRWSPD und der Oberhausener Sozialdemokraten die Gewerbesteuer auf eine breitere Bemessungsgrundlage gestellt werden. &#8222;Auch die freien Berufe m\u00fcssen, so diskutierte der Ausschuss, gerechterweise in die Gewerbesteuer einbezogen werden&#8220;.<br \/>\nDies sei nicht zuletzt eine Frage der Steuergerechtigkeit, berichtet der Ausschussvorsitzende Karsten Bron von der Diskussion.<\/p>\n<p>Bron erhofft sich eine konkrete Unsetzung der Reformvorschl\u00e4ge bereits zum 1. Januar 2004. Bei der Beitragsbemessungsgrenze f\u00fcr den Eintritt in die Private Krankenversicherung sollte eine Erh\u00f6hung angestrebt und auch Bezieher h\u00f6herer Einkommen in die gesetzliche Krankenversicherung einbezogen werden.<\/p>\n<p>&#8222;Der Unterbezirksausschuss hat auf seiner Sitzung&#8220;, so Bron weiter, &#8222;einstimmig die grunds\u00e4tzliche Zustimmung zu den Reformpl\u00e4nen des Bundeskanzlers und Parteivorsitzenden Gerhard Schr\u00f6der<br \/>\nempfohlen und die Erg\u00e4nzungen aus NRW f\u00fcr gut gehei\u00dfen&#8220;.<\/p>\n<p>Die SPD Oberhausen wird auf dem Bundesparteitag am 1. Juni in Berlin mit ihrem Bundestagsabgeordneten Wolfgang Grotthaus und der stellvertretenden Vorsitzenden Elia Albrecht-Mainz vertreten sein.<\/p>\n<p>&#8222;Ich hoffe, dass wir nach dem Bundesparteitag die Begr\u00fcndungszusammenh\u00e4nge der Reformvorhaben verst\u00e4ndlicher machen k\u00f6nnen, denn die Ma\u00dfnahmen sind notwendig, um Wohlstand und soziale Sicherheit f\u00fcr die zuk\u00fcnftigen Generationen zu gew\u00e4hrleisten&#8220;, ist sich Karsten Bron sicher.<\/p>\n<p>Auch das Thema Bildungspolitik stand auf der Tagesordnung.<\/p>\n<p>In Vorbereitung auf den Bildungspolitischen Landesparteitag am 14. Mai haben sich Bildungspolitiker der Oberhausener SPD in einer Projektgruppe Bildung unter Vorsitz von Wolfgang Gro\u00dfe Br\u00f6mer, MdL, mit dem bildungspolitischen Orientierungsrahmen der NRW SPD befasst.<\/p>\n<p>Antr\u00e4ge des Unterbezirks werden auch zu diesem Thema weitere Akzente in die Bildungsdebatte (so u.a. zu den Themen Lehrerausbildung, Entwicklung der Gymnasialen Oberstufe und der Unterrichtsqualit\u00e4t) einflie\u00dfen lassen. Der Ausschuss empfahl einm\u00fctig die Unterst\u00fctzung der Antr\u00e4ge.<\/p>\n","protected":false},"excerpt":{"rendered":"<p>Oberhausens Genossinnen und Genossen diskutierten im Unterbezirksausschuss, dem &#8222;kleinen Parteitag&#8220; der SPD, zu Fragen der Modernisierung des Arbeitsmarktes und der Zukunft der sozialen Sicherungssysteme. Eine gewichtige Rolle bei der Diskussion&hellip; <\/p>\n","protected":false},"author":1,"featured_media":0,"comment_status":"closed","ping_status":"closed","sticky":false,"template":"","format":"standard","meta":{"footnotes":""},"categories":[1],"tags":[],"quellen":[],"class_list":["post-250","post","type-post","status-publish","format-standard","hentry","category-allgemein"],"_links":{"self":[{"href":"https:\/\/meier-gerdingh.de\/wp-spd-ob\/wp-json\/wp\/v2\/posts\/250","targetHints":{"allow":["GET"]}}],"collection":[{"href":"https:\/\/meier-gerdingh.de\/wp-spd-ob\/wp-json\/wp\/v2\/posts"}],"about":[{"href":"https:\/\/meier-gerdingh.de\/wp-spd-ob\/wp-json\/wp\/v2\/types\/post"}],"author":[{"embeddable":true,"href":"https:\/\/meier-gerdingh.de\/wp-spd-ob\/wp-json\/wp\/v2\/users\/1"}],"replies":[{"embeddable":true,"href":"https:\/\/meier-gerdingh.de\/wp-spd-ob\/wp-json\/wp\/v2\/comments?post=250"}],"version-history":[{"count":0,"href":"https:\/\/meier-gerdingh.de\/wp-spd-ob\/wp-json\/wp\/v2\/posts\/250\/revisions"}],"wp:attachment":[{"href":"https:\/\/meier-gerdingh.de\/wp-spd-ob\/wp-json\/wp\/v2\/media?parent=250"}],"wp:term":[{"taxonomy":"category","embeddable":true,"href":"https:\/\/meier-gerdingh.de\/wp-spd-ob\/wp-json\/wp\/v2\/categories?post=250"},{"taxonomy":"post_tag","embeddable":true,"href":"https:\/\/meier-gerdingh.de\/wp-spd-ob\/wp-json\/wp\/v2\/tags?post=250"},{"taxonomy":"quellen","embeddable":true,"href":"https:\/\/meier-gerdingh.de\/wp-spd-ob\/wp-json\/wp\/v2\/quellen?post=250"}],"curies":[{"name":"wp","href":"https:\/\/api.w.org\/{rel}","templated":true}]}}