{"id":251,"date":"2003-05-24T16:00:00","date_gmt":"2003-05-24T14:00:00","guid":{"rendered":"http:\/\/www.meier-gerdingh.de\/spd-oberhausen\/wp\/?p=251"},"modified":"2017-05-02T17:48:06","modified_gmt":"2017-05-02T15:48:06","slug":"klausurtagung-2003-ab-sonntag-im-internet","status":"publish","type":"post","link":"https:\/\/meier-gerdingh.de\/wp-spd-ob\/2003\/05\/24\/klausurtagung-2003-ab-sonntag-im-internet\/","title":{"rendered":"Klausurtagung 2003 ab Sonntag im Internet"},"content":{"rendered":"<div style=\"width: 150px\" class=\"wp-caption alignleft\"><a href=\"http:\/\/meier-gerdingh.de\/wp-spd-ob\/wp-content\/uploads\/holstentor.jpg\"><img decoding=\"async\" class=\"size-full\" src=\"http:\/\/meier-gerdingh.de\/wp-spd-ob\/wp-content\/uploads\/holstentor.jpg\" alt=\"Die Klausurtagung der SPD-Fraktion findet dieses Jahr in L\u00fcbeck statt\" width=\"140\" height=\"156\" \/><\/a><p class=\"wp-caption-text\">Die Klausurtagung der SPD-Fraktion findet dieses Jahr in L\u00fcbeck statt<\/p><\/div>\n<p>Die diesj\u00e4hrige Klausurtagung der SPD-Ratsfraktion Oberhausen findet von Sonntag, 25.\u00a0Mai, bis Mittwoch, 28.\u00a0Mai, in L\u00fcbeck statt. Wie bereits in den Vorjahren werden wir alle interessierten B\u00fcrgerinnen und B\u00fcrger auf einer Sonderseite \u00fcber Verlauf und Ergebnisse der Beratungen tagesaktuell informieren.<!--more--><\/p>\n<p>Das SPD-Fraktionsb\u00fcro ist wegen der Jahresklausur von Montag bis einschlie\u00dflich Mittwoch nicht besetzt.<\/p>\n<p><a class=\"normal\" href=\"http:\/\/meier-gerdingh.de\/wp-spd-ob\/klausur_03\/index.php\" target=\"_blank\" rel=\"noopener noreferrer\">Zur Klausurseite<\/a><\/p>\n","protected":false},"excerpt":{"rendered":"<p>Die diesj\u00e4hrige Klausurtagung der SPD-Ratsfraktion Oberhausen findet von Sonntag, 25.\u00a0Mai, bis Mittwoch, 28.\u00a0Mai, in L\u00fcbeck statt. Wie bereits in den Vorjahren werden wir alle interessierten B\u00fcrgerinnen und B\u00fcrger auf einer&hellip; <\/p>\n","protected":false},"author":1,"featured_media":0,"comment_status":"closed","ping_status":"closed","sticky":false,"template":"","format":"standard","meta":{"footnotes":""},"categories":[1],"tags":[],"quellen":[],"class_list":["post-251","post","type-post","status-publish","format-standard","hentry","category-allgemein"],"_links":{"self":[{"href":"https:\/\/meier-gerdingh.de\/wp-spd-ob\/wp-json\/wp\/v2\/posts\/251","targetHints":{"allow":["GET"]}}],"collection":[{"href":"https:\/\/meier-gerdingh.de\/wp-spd-ob\/wp-json\/wp\/v2\/posts"}],"about":[{"href":"https:\/\/meier-gerdingh.de\/wp-spd-ob\/wp-json\/wp\/v2\/types\/post"}],"author":[{"embeddable":true,"href":"https:\/\/meier-gerdingh.de\/wp-spd-ob\/wp-json\/wp\/v2\/users\/1"}],"replies":[{"embeddable":true,"href":"https:\/\/meier-gerdingh.de\/wp-spd-ob\/wp-json\/wp\/v2\/comments?post=251"}],"version-history":[{"count":0,"href":"https:\/\/meier-gerdingh.de\/wp-spd-ob\/wp-json\/wp\/v2\/posts\/251\/revisions"}],"wp:attachment":[{"href":"https:\/\/meier-gerdingh.de\/wp-spd-ob\/wp-json\/wp\/v2\/media?parent=251"}],"wp:term":[{"taxonomy":"category","embeddable":true,"href":"https:\/\/meier-gerdingh.de\/wp-spd-ob\/wp-json\/wp\/v2\/categories?post=251"},{"taxonomy":"post_tag","embeddable":true,"href":"https:\/\/meier-gerdingh.de\/wp-spd-ob\/wp-json\/wp\/v2\/tags?post=251"},{"taxonomy":"quellen","embeddable":true,"href":"https:\/\/meier-gerdingh.de\/wp-spd-ob\/wp-json\/wp\/v2\/quellen?post=251"}],"curies":[{"name":"wp","href":"https:\/\/api.w.org\/{rel}","templated":true}]}}