{"id":253,"date":"2003-05-26T16:00:00","date_gmt":"2003-05-26T14:00:00","guid":{"rendered":"http:\/\/www.meier-gerdingh.de\/spd-oberhausen\/wp\/?p=253"},"modified":"2017-05-02T17:47:15","modified_gmt":"2017-05-02T15:47:15","slug":"gerhard-schroeder-wuenscht-klausurtagung-erfolgreichen-verlauf","status":"publish","type":"post","link":"https:\/\/meier-gerdingh.de\/wp-spd-ob\/2003\/05\/26\/gerhard-schroeder-wuenscht-klausurtagung-erfolgreichen-verlauf\/","title":{"rendered":"Gerhard Schr\u00f6der w\u00fcnscht Klausurtagung erfolgreichen Verlauf"},"content":{"rendered":"<div style=\"width: 210px\" class=\"wp-caption alignleft\"><a href=\"http:\/\/meier-gerdingh.de\/wp-spd-ob\/wp-content\/uploads\/gruppenbild_kanzler.jpg\"><img decoding=\"async\" class=\"size-full\" src=\"http:\/\/meier-gerdingh.de\/wp-spd-ob\/wp-content\/uploads\/gruppenbild_kanzler.jpg\" alt=\"Gruppenbild mit Kanzler (v. l.): Anne Jan\u00dfen, Heide Simonis, Burkhard Drescher, Gerhard Schr\u00f6der, Wolfgang Gro\u00dfe Br\u00f6mer, Dirk Balthaus, Elia Albrecht-Mainz, Hartmut Schmidt, Stefan Zimkeit\" width=\"200\" height=\"152\" \/><\/a><p class=\"wp-caption-text\">Gruppenbild mit Kanzler (v. l.): Anne Jan\u00dfen, Heide Simonis, Burkhard Drescher, Gerhard Schr\u00f6der, Wolfgang Gro\u00dfe Br\u00f6mer, Dirk Balthaus, Elia Albrecht-Mainz, Hartmut Schmidt, Stefan Zimkeit<\/p><\/div>\n<p>Gruppenbild mit Kanzler: Auf der Klausurtagung der Oberhausener SPD-Fraktion in L\u00fcbeck kam es am Montag zu einem unerwarteten Treffen mit dem Bundeskanzler und SPD-Parteivorsitzenden Gerhard Schr\u00f6der sowie mit der Ministerpr\u00e4sidentin von Schleswig-Holstein, Heide Simonis.<!--more--><\/p>\n<p>Schr\u00f6der, der in einem L\u00fcbecker Kongresszentrum an einem Wirtschaftssymposium teilnahm, hatte vom Generalsekret\u00e4r der NRWSPD, Mike Groschek, den Hinweis erhalten, dass die Oberhausener SPD-Ratsfraktion in dieser Woche ihre Jahrestagung in der Ostseestadt durchf\u00fchrt. Daraufhin lie\u00df es sich Gerhard Schr\u00f6der trotz dichtgedr\u00e4ngtem Terminkalender nicht nehmen, die Oberhausener SPD-Spitze spontan zu einem kurzen Gespr\u00e4ch einzuladen.<\/p>\n<p>Einen Tag nach dem Wahlsieg von Henning Scherf und der Bremer SPD trafen die Kommunalpolitiker auf einen sichtlich entspannten und gutgelaunten Kanzler, der den Mitgliedern der SPD-Fraktion f\u00fcr ihre weiteren Beratungen viel Erfolg w\u00fcnschte.<\/p>\n","protected":false},"excerpt":{"rendered":"<p>Gruppenbild mit Kanzler: Auf der Klausurtagung der Oberhausener SPD-Fraktion in L\u00fcbeck kam es am Montag zu einem unerwarteten Treffen mit dem Bundeskanzler und SPD-Parteivorsitzenden Gerhard Schr\u00f6der sowie mit der Ministerpr\u00e4sidentin&hellip; <\/p>\n","protected":false},"author":1,"featured_media":0,"comment_status":"closed","ping_status":"closed","sticky":false,"template":"","format":"standard","meta":{"footnotes":""},"categories":[1],"tags":[],"quellen":[],"class_list":["post-253","post","type-post","status-publish","format-standard","hentry","category-allgemein"],"_links":{"self":[{"href":"https:\/\/meier-gerdingh.de\/wp-spd-ob\/wp-json\/wp\/v2\/posts\/253","targetHints":{"allow":["GET"]}}],"collection":[{"href":"https:\/\/meier-gerdingh.de\/wp-spd-ob\/wp-json\/wp\/v2\/posts"}],"about":[{"href":"https:\/\/meier-gerdingh.de\/wp-spd-ob\/wp-json\/wp\/v2\/types\/post"}],"author":[{"embeddable":true,"href":"https:\/\/meier-gerdingh.de\/wp-spd-ob\/wp-json\/wp\/v2\/users\/1"}],"replies":[{"embeddable":true,"href":"https:\/\/meier-gerdingh.de\/wp-spd-ob\/wp-json\/wp\/v2\/comments?post=253"}],"version-history":[{"count":0,"href":"https:\/\/meier-gerdingh.de\/wp-spd-ob\/wp-json\/wp\/v2\/posts\/253\/revisions"}],"wp:attachment":[{"href":"https:\/\/meier-gerdingh.de\/wp-spd-ob\/wp-json\/wp\/v2\/media?parent=253"}],"wp:term":[{"taxonomy":"category","embeddable":true,"href":"https:\/\/meier-gerdingh.de\/wp-spd-ob\/wp-json\/wp\/v2\/categories?post=253"},{"taxonomy":"post_tag","embeddable":true,"href":"https:\/\/meier-gerdingh.de\/wp-spd-ob\/wp-json\/wp\/v2\/tags?post=253"},{"taxonomy":"quellen","embeddable":true,"href":"https:\/\/meier-gerdingh.de\/wp-spd-ob\/wp-json\/wp\/v2\/quellen?post=253"}],"curies":[{"name":"wp","href":"https:\/\/api.w.org\/{rel}","templated":true}]}}