{"id":2536,"date":"2015-06-07T10:09:23","date_gmt":"2015-06-07T08:09:23","guid":{"rendered":"http:\/\/www.meier-gerdingh.de\/spd-oberhausen\/wp\/?p=2536"},"modified":"2016-12-27T13:33:39","modified_gmt":"2016-12-27T12:33:39","slug":"centerpoint-abriss-nicht-um-jeden-preis","status":"publish","type":"post","link":"https:\/\/meier-gerdingh.de\/wp-spd-ob\/2015\/06\/07\/centerpoint-abriss-nicht-um-jeden-preis\/","title":{"rendered":"Centerpoint-Abriss nicht um jeden Preis"},"content":{"rendered":"<div id=\"attachment_1583\" style=\"width: 150px\" class=\"wp-caption alignleft\"><a href=\"http:\/\/meier-gerdingh.de\/wp-spd-ob\/wp-content\/uploads\/real_ulrich_09.jpg\"><img aria-describedby=\"caption-attachment-1583\" decoding=\"async\" class=\"size-full wp-image-1583\" src=\"http:\/\/meier-gerdingh.de\/wp-spd-ob\/wp-content\/uploads\/real_ulrich_09.jpg\" alt=\"Ulrich Real ist Bezirksb\u00fcrgermeister von Sterkrade\" width=\"140\" height=\"169\" \/><\/a><p id=\"caption-attachment-1583\" class=\"wp-caption-text\">Ulrich Real ist Bezirksb\u00fcrgermeister von Sterkrade<\/p><\/div>\n<p>&#8222;Auch wenn der Abriss des Centerpoints f\u00fcr Sterkrade ein Gewinn w\u00e4re, sollten wir ihn nicht um jeden Preis forcieren&#8220;, fordert der Sterkrader Bezirksb\u00fcrgermeister Ulrich Real. &#8222;Hier ist ein Vorgehen mit Augenma\u00df notwendig und die Forderung von K\u00e4mmerer Apostolos Tsalastras, den Preis f\u00fcr einen m\u00f6glichen Kauf neu zu verhandeln, findet meine uneingeschr\u00e4nkte Unterst\u00fctzung.&#8220; Mit der Ank\u00fcndigung der Firma Reuschenbach, nicht in das neue Geb\u00e4ude in Sterkrade- Mitte zu ziehen und ein so wichtiges Stadtentwicklungsprojekt zu unterst\u00fctzen, sei die bisherige Gesch\u00e4ftsgrundlage in Sachen Centerpoint entfallen.<!--more--><\/p>\n<p>&#8222;Ohne eine Beteiligung des Centerpoint-Besitzers am Neubau der Kaiser-und-Ganz-Immobilie sind fast 600.000 Euro Ausgaben nicht zu rechtfertigen&#8220;, kritisiert Real und erinnert daran, dass die Abrisskosten noch hinzuk\u00e4men. Er fordert, nach Neuverhandlungen das Ergebnis mit den Sterkraderinnen und Sterkradern zu diskutieren. &#8222;Wir sollten gemeinsam kl\u00e4ren, was uns ein Abriss wert ist.&#8220;<\/p>\n<p>Bemerkenswert findet der Bezirksb\u00fcrgermeister, dass sich die CDU auf ihrer Klausurtagung nicht zur positiven Entwicklung in Sterkrade \u00e4u\u00dfere. Der Abriss des Kaiser-und-Ganz-Geb\u00e4udes habe begonnen, der Neubau der Stadtbibliothek in der ehemaligen Sparkasse l\u00e4uft, der Bau von altengerechten Wohnungen am alten Bibliotheksstandort ist genauso auf dem Weg wie die Aufwertung des Stadtmittehauses. Noch im Sommer werde der neue Stadtteilmanager f\u00fcr Sterkrade seine Arbeit aufnehmen.<\/p>\n<p>&#8222;Wer da keine Entwicklungen erkennt und statt dessen von &#8218;Versagen&#8216; spricht, zeigt nur, dass er sich in Sterkrade nicht auskennt&#8220;, so Ulrich Real abschlie\u00dfend.<\/p>\n","protected":false},"excerpt":{"rendered":"<p>&#8222;Auch wenn der Abriss des Centerpoints f\u00fcr Sterkrade ein Gewinn w\u00e4re, sollten wir ihn nicht um jeden Preis forcieren&#8220;, fordert der Sterkrader Bezirksb\u00fcrgermeister Ulrich Real. &#8222;Hier ist ein Vorgehen mit&hellip; <\/p>\n","protected":false},"author":1,"featured_media":0,"comment_status":"closed","ping_status":"closed","sticky":false,"template":"","format":"standard","meta":{"footnotes":""},"categories":[167],"tags":[250,413,412,411,46],"quellen":[326],"class_list":["post-2536","post","type-post","status-publish","format-standard","hentry","category-stadtteile","tag-apostolos-tsalastras","tag-centerpoint","tag-kaiser-und-ganz","tag-stadtteilbibliothek-sterkrade","tag-sterkrade","quellen-spd-fraktion-oberhausen"],"_links":{"self":[{"href":"https:\/\/meier-gerdingh.de\/wp-spd-ob\/wp-json\/wp\/v2\/posts\/2536","targetHints":{"allow":["GET"]}}],"collection":[{"href":"https:\/\/meier-gerdingh.de\/wp-spd-ob\/wp-json\/wp\/v2\/posts"}],"about":[{"href":"https:\/\/meier-gerdingh.de\/wp-spd-ob\/wp-json\/wp\/v2\/types\/post"}],"author":[{"embeddable":true,"href":"https:\/\/meier-gerdingh.de\/wp-spd-ob\/wp-json\/wp\/v2\/users\/1"}],"replies":[{"embeddable":true,"href":"https:\/\/meier-gerdingh.de\/wp-spd-ob\/wp-json\/wp\/v2\/comments?post=2536"}],"version-history":[{"count":0,"href":"https:\/\/meier-gerdingh.de\/wp-spd-ob\/wp-json\/wp\/v2\/posts\/2536\/revisions"}],"wp:attachment":[{"href":"https:\/\/meier-gerdingh.de\/wp-spd-ob\/wp-json\/wp\/v2\/media?parent=2536"}],"wp:term":[{"taxonomy":"category","embeddable":true,"href":"https:\/\/meier-gerdingh.de\/wp-spd-ob\/wp-json\/wp\/v2\/categories?post=2536"},{"taxonomy":"post_tag","embeddable":true,"href":"https:\/\/meier-gerdingh.de\/wp-spd-ob\/wp-json\/wp\/v2\/tags?post=2536"},{"taxonomy":"quellen","embeddable":true,"href":"https:\/\/meier-gerdingh.de\/wp-spd-ob\/wp-json\/wp\/v2\/quellen?post=2536"}],"curies":[{"name":"wp","href":"https:\/\/api.w.org\/{rel}","templated":true}]}}