{"id":2537,"date":"2015-06-08T10:20:59","date_gmt":"2015-06-08T08:20:59","guid":{"rendered":"http:\/\/www.meier-gerdingh.de\/spd-oberhausen\/wp\/?p=2537"},"modified":"2016-12-27T13:33:54","modified_gmt":"2016-12-27T12:33:54","slug":"apopstolos-tsalastras-trifft-hajo-sommers","status":"publish","type":"post","link":"https:\/\/meier-gerdingh.de\/wp-spd-ob\/2015\/06\/08\/apopstolos-tsalastras-trifft-hajo-sommers\/","title":{"rendered":"Apopstolos Tsalastras trifft Hajo Sommers"},"content":{"rendered":"<div class=\"wp-caption alignleft\" style=\"width: 260px;\"><a href=\"http:\/\/meier-gerdingh.de\/wp-spd-ob\/wp-content\/uploads\/banner_postos_bahnhof.png\"><img decoding=\"async\" class=\"alignleft size-full wp-image-2538\" src=\"http:\/\/meier-gerdingh.de\/wp-spd-ob\/wp-content\/uploads\/banner_postos_bahnhof.png\" alt=\"banner_postos_bahnhof\" width=\"260\" height=\"367\" srcset=\"https:\/\/meier-gerdingh.de\/wp-spd-ob\/wp-content\/uploads\/banner_postos_bahnhof.png 260w, https:\/\/meier-gerdingh.de\/wp-spd-ob\/wp-content\/uploads\/banner_postos_bahnhof-213x300.png 213w\" sizes=\"(max-width: 260px) 100vw, 260px\" \/><\/a><\/div>\n<p>Am 9. Juni 2015, 19.30 Uhr trifft der Oberb\u00fcrgermeisterkandidat Apostolos &#8222;Posto&#8220; Tsalastras Hajo Sommers, den Vorsitzenden von Rot-Wei\u00df Oberhausen und Leiter vom Ebertbad Oberhausen. Tsalastras und Sommers sprechen \u00fcber Sport, Kultur, Politik und Pers\u00f6nliches im Erdgeschoss des Bahnhofsturms am Oberhausener Hauptbahnhof. Interessierte B\u00fcrgerinnen und B\u00fcrger sind herzlich eingeladen.<\/p>\n","protected":false},"excerpt":{"rendered":"<p>Am 9. Juni 2015, 19.30 Uhr trifft der Oberb\u00fcrgermeisterkandidat Apostolos &#8222;Posto&#8220; Tsalastras Hajo Sommers, den Vorsitzenden von Rot-Wei\u00df Oberhausen und Leiter vom Ebertbad Oberhausen. Tsalastras und Sommers sprechen \u00fcber Sport,&hellip; <\/p>\n","protected":false},"author":1,"featured_media":0,"comment_status":"closed","ping_status":"closed","sticky":false,"template":"","format":"standard","meta":{"footnotes":""},"categories":[171,178],"tags":[250,415,251,299,25,414],"quellen":[327],"class_list":["post-2537","post","type-post","status-publish","format-standard","hentry","category-veranstaltungen","category-wahlen","tag-apostolos-tsalastras","tag-hajo-sommers","tag-ob-kandidat","tag-oberbuergermeister-kandidat","tag-oberbuergermeisterwahl-2015","tag-postos-bahnhof","quellen-spd-unterbezirk-oberhausen"],"_links":{"self":[{"href":"https:\/\/meier-gerdingh.de\/wp-spd-ob\/wp-json\/wp\/v2\/posts\/2537","targetHints":{"allow":["GET"]}}],"collection":[{"href":"https:\/\/meier-gerdingh.de\/wp-spd-ob\/wp-json\/wp\/v2\/posts"}],"about":[{"href":"https:\/\/meier-gerdingh.de\/wp-spd-ob\/wp-json\/wp\/v2\/types\/post"}],"author":[{"embeddable":true,"href":"https:\/\/meier-gerdingh.de\/wp-spd-ob\/wp-json\/wp\/v2\/users\/1"}],"replies":[{"embeddable":true,"href":"https:\/\/meier-gerdingh.de\/wp-spd-ob\/wp-json\/wp\/v2\/comments?post=2537"}],"version-history":[{"count":0,"href":"https:\/\/meier-gerdingh.de\/wp-spd-ob\/wp-json\/wp\/v2\/posts\/2537\/revisions"}],"wp:attachment":[{"href":"https:\/\/meier-gerdingh.de\/wp-spd-ob\/wp-json\/wp\/v2\/media?parent=2537"}],"wp:term":[{"taxonomy":"category","embeddable":true,"href":"https:\/\/meier-gerdingh.de\/wp-spd-ob\/wp-json\/wp\/v2\/categories?post=2537"},{"taxonomy":"post_tag","embeddable":true,"href":"https:\/\/meier-gerdingh.de\/wp-spd-ob\/wp-json\/wp\/v2\/tags?post=2537"},{"taxonomy":"quellen","embeddable":true,"href":"https:\/\/meier-gerdingh.de\/wp-spd-ob\/wp-json\/wp\/v2\/quellen?post=2537"}],"curies":[{"name":"wp","href":"https:\/\/api.w.org\/{rel}","templated":true}]}}