{"id":254,"date":"2003-05-26T16:00:00","date_gmt":"2003-05-26T14:00:00","guid":{"rendered":"http:\/\/www.meier-gerdingh.de\/spd-oberhausen\/wp\/?p=254"},"modified":"2017-05-02T17:47:27","modified_gmt":"2017-05-02T15:47:27","slug":"projektantrag-geht-am-15-august-an-die-landesregierung","status":"publish","type":"post","link":"https:\/\/meier-gerdingh.de\/wp-spd-ob\/2003\/05\/26\/projektantrag-geht-am-15-august-an-die-landesregierung\/","title":{"rendered":"Projektantrag geht am 15.&nbsp;August an die Landesregierung"},"content":{"rendered":"<div style=\"width: 190px\" class=\"wp-caption alignleft\"><a href=\"http:\/\/meier-gerdingh.de\/wp-spd-ob\/wp-content\/uploads\/giant_nacht.jpg\"><img decoding=\"async\" class=\"size-full\" src=\"http:\/\/meier-gerdingh.de\/wp-spd-ob\/wp-content\/uploads\/giant_nacht.jpg\" alt=\"Der \" width=\"180\" height=\"135\" \/><\/a><p class=\"wp-caption-text\">Der &#8222;Glass Giant&#8220;: Einer der vielen Bestandteile des Projektes O.Vision<\/p><\/div>\n<p>Der Antrag zur F\u00f6rderung des O.Vision-Projektes soll am 15.\u00a0August der Landesregierung \u00fcbergeben werden. Dies k\u00fcndigte Oberb\u00fcrgermeister Burkhard Drescher auf der Klausurtagung der SPD-Fraktion in L\u00fcbeck an. Gleichzeitig betonte Drescher im Rahmen seines ausf\u00fchrlichen Berichts zum Stand des Strukturwandels in Oberhausen die fundamentale Bedeutung der O.Vision-Planungen f\u00fcr die wirtschaftliche Zukunft der Stadt.<!--more--><\/p>\n<p>Rund um das Leitmotiv &#8222;Mensch und Gesundheit&#8220; soll auf dem Gel\u00e4nde des ehemaligen Elektrostahlwerks eine in dieser Form bisher einzigartige Kombination aus Gewerbe- und Themenpark zu allen Aspekten der verbraucherorientierten Gesundheitswirtschaft etabliert werden. Bis zu 10.000 neue und zukunftssichere Arbeitspl\u00e4tze k\u00f6nnten damit in den n\u00e4chsten zehn bis f\u00fcnfzehn Jahren in einer der am schnellsten wachsenden Wirtschaftsbranchen auf dieser letzten gro\u00dfen Industriebrache des Ruhrgebiets entstehen.<\/p>\n<p>&#8222;Und diese Einsch\u00e4tzung&#8220;, so Burkhard Drescher, &#8222;basiert nicht auf dem Prinzip Hoffnung, sondern auf den seri\u00f6sen Analysen von Wirtschaftsforschungsinstituten und den Gutachten unabh\u00e4ngiger Regional- und Gesundheits\u00f6konomen.&#8220; So beliefen sich die vom angesehenen RWI in Essen f\u00fcr ganz Nordrhein-Westfalen gesch\u00e4tzten Arbeitsmarkteffekte durch die O.Vision auf mehr als 16.000 zus\u00e4tzliche Arbeitspl\u00e4tze. Bei keinem anderen Gro\u00dfprojekt sei dar\u00fcber hinaus eine st\u00e4rkere Hebelwirkung der \u00f6ffentlichen auf die nachfolgenden privaten Investitionen zu erwarten.<\/p>\n<p>SPD-Fraktionschef Wolfgang Gro\u00dfe Br\u00f6mer geht deshalb davon aus, dass das Land den Gro\u00dfprojektantrag z\u00fcgig bearbeiten und dann zur endg\u00fcltigen Genehmigung an die EU-Kommission in Br\u00fcssel weiterleiten wird. &#8222;Die O.Vision ist und bleibt der zentrale Baustein f\u00fcr den weiteren Strukturwandel in unserer Stadt. Wir werden mit aller Kraft daf\u00fcr k\u00e4mpfen, dass diese Vision Wirklichkeit wird.&#8220;<\/p>\n","protected":false},"excerpt":{"rendered":"<p>Der Antrag zur F\u00f6rderung des O.Vision-Projektes soll am 15.\u00a0August der Landesregierung \u00fcbergeben werden. Dies k\u00fcndigte Oberb\u00fcrgermeister Burkhard Drescher auf der Klausurtagung der SPD-Fraktion in L\u00fcbeck an. Gleichzeitig betonte Drescher im&hellip; <\/p>\n","protected":false},"author":1,"featured_media":0,"comment_status":"closed","ping_status":"closed","sticky":false,"template":"","format":"standard","meta":{"footnotes":""},"categories":[1],"tags":[],"quellen":[],"class_list":["post-254","post","type-post","status-publish","format-standard","hentry","category-allgemein"],"_links":{"self":[{"href":"https:\/\/meier-gerdingh.de\/wp-spd-ob\/wp-json\/wp\/v2\/posts\/254","targetHints":{"allow":["GET"]}}],"collection":[{"href":"https:\/\/meier-gerdingh.de\/wp-spd-ob\/wp-json\/wp\/v2\/posts"}],"about":[{"href":"https:\/\/meier-gerdingh.de\/wp-spd-ob\/wp-json\/wp\/v2\/types\/post"}],"author":[{"embeddable":true,"href":"https:\/\/meier-gerdingh.de\/wp-spd-ob\/wp-json\/wp\/v2\/users\/1"}],"replies":[{"embeddable":true,"href":"https:\/\/meier-gerdingh.de\/wp-spd-ob\/wp-json\/wp\/v2\/comments?post=254"}],"version-history":[{"count":0,"href":"https:\/\/meier-gerdingh.de\/wp-spd-ob\/wp-json\/wp\/v2\/posts\/254\/revisions"}],"wp:attachment":[{"href":"https:\/\/meier-gerdingh.de\/wp-spd-ob\/wp-json\/wp\/v2\/media?parent=254"}],"wp:term":[{"taxonomy":"category","embeddable":true,"href":"https:\/\/meier-gerdingh.de\/wp-spd-ob\/wp-json\/wp\/v2\/categories?post=254"},{"taxonomy":"post_tag","embeddable":true,"href":"https:\/\/meier-gerdingh.de\/wp-spd-ob\/wp-json\/wp\/v2\/tags?post=254"},{"taxonomy":"quellen","embeddable":true,"href":"https:\/\/meier-gerdingh.de\/wp-spd-ob\/wp-json\/wp\/v2\/quellen?post=254"}],"curies":[{"name":"wp","href":"https:\/\/api.w.org\/{rel}","templated":true}]}}