{"id":2540,"date":"2015-06-13T10:50:41","date_gmt":"2015-06-13T08:50:41","guid":{"rendered":"http:\/\/www.meier-gerdingh.de\/spd-oberhausen\/wp\/?p=2540"},"modified":"2016-12-27T13:38:48","modified_gmt":"2016-12-27T12:38:48","slug":"spd-oberhausen-west-setzt-stadtteilgespraeche-fort","status":"publish","type":"post","link":"https:\/\/meier-gerdingh.de\/wp-spd-ob\/2015\/06\/13\/spd-oberhausen-west-setzt-stadtteilgespraeche-fort\/","title":{"rendered":"SPD Oberhausen-West setzt Stadtteilgespr\u00e4che fort"},"content":{"rendered":"<p><a href=\"http:\/\/meier-gerdingh.de\/wp-spd-ob\/wp-content\/uploads\/banner_ov_west_neu.jpg\"><img decoding=\"async\" class=\"aligncenter size-full wp-image-1778\" src=\"http:\/\/meier-gerdingh.de\/wp-spd-ob\/wp-content\/uploads\/banner_ov_west_neu.jpg\" alt=\"banner_ov_west_neu\" width=\"600\" height=\"150\" srcset=\"https:\/\/meier-gerdingh.de\/wp-spd-ob\/wp-content\/uploads\/banner_ov_west_neu.jpg 600w, https:\/\/meier-gerdingh.de\/wp-spd-ob\/wp-content\/uploads\/banner_ov_west_neu-300x75.jpg 300w\" sizes=\"(max-width: 600px) 100vw, 600px\" \/><\/a><em>Im Rahmen seiner Veranstaltungsreihe &#8222;Stadtteilgespr\u00e4ch&#8220; l\u00e4dt der SPD-Ortsverein Oberhausen-West im Juni wieder zu B\u00fcrgerversammlungen in Alstaden und Lirich ein:<\/em><\/p>\n<p>Am Montag, 22. Juni 2015, ab 19.30 Uhr, geht es zun\u00e4chst um aktuelle Alstadener Entwicklungen, wie die von der Stadt M\u00fclheim geplanten Riesenwindkraftr\u00e4der in den Ruhrauen, die Sportplatz-situation oder den m\u00f6glichen neuen Supermarkt am Rehmer. Selbstverst\u00e4ndlich k\u00f6nnen die Anwesenden auch jedes andere Thema aus dem Stadtteil ansprechen, das ihnen am Herzen liegt. Denn beim &#8222;Stadtteilgespr\u00e4ch&#8220; bestimmen die B\u00fcrgerinnen und B\u00fcrger die Tagesordnung. Anregungungen und Beschwerden, Ideen und Kritik sind ausdr\u00fccklich erw\u00fcnscht und werden mit den zust\u00e4ndigen SPD-Ratsmitgliedern und Bezirksvertretern sowie Vertretern der Stadtverwaltung er\u00f6rtert. Seine Teilnahme fest zugesagt hat auch Apostolos Tsalastras, Erster Beigeordneter der Stadt Oberhausen und Oberb\u00fcrgermeister-Kandidat der SPD.<!--more--><\/p>\n<p>Einen Tag sp\u00e4ter, am Dienstag, 23. Juni 2015, ab 19.00 Uhr, findet das Stadtteilgespr\u00e4ch Lirich statt. Informiert und diskutiert wird u. a. \u00fcber die von der Stadt vorgesehenen Asylstandorte in Lirich, die Nachfolgenutzung der Josefschule oder die Verkehrssituation und die Kanalbauarbeiten an der Duisburger Stra\u00dfe. Vorgestellt werden auch die Planungen f\u00fcr den Altenbergpark sowie das LVR-Projekt &#8222;Br\u00fcckenschlag&#8220; im Zentrum Altenberg. Weitere Themen aus dem Stadtteil k\u00f6nnen auch die B\u00fcrgerinnen und B\u00fcrger vorbringen, sie werden selbstverst\u00e4ndlich gerne aufgenommen. Neben den SPD-Stadtverordneten und Bezirksvertretern und Vertretern der Verwaltung wird auch Apostolos Tsalastras, OB-Kandidat der SPD und Erster Beigeordneter der Stadt Oberhausen, an der Veranstaltung teilnehmen.<\/p>\n<p>&#8222;Mit den Stadtteilgespr\u00e4chen wollen wir den Menschen regelm\u00e4\u00dfig eine M\u00f6glichkeit geben, aktiv an der Gestaltung ihres Stadtteils, ihres unmittelbaren Lebensumfeldes mitzuwirken&#8220;, erkl\u00e4rt der Ortsvereinsvorsitzende Dirk V\u00f6pel. &#8222;Die erfreuliche Resonanz auf die letzten Veranstaltungen zeigt: Es lohnt sich, die B\u00fcrgerinnen und B\u00fcrger wieder viel st\u00e4rker da abzuholen, wo sie Zuhause sind, in den Quartieren und Stadtbezirken, der Heimat vor der Haust\u00fcre.&#8220;<\/p>\n<p><strong>Termine:<\/strong><\/p>\n<p><strong>STADTTEILGESPR\u00c4CH ALSTADEN<\/strong><br \/>\nMontag, 22. Juni 2015, ab 19.30 Uhr<br \/>\nMensa der Hauptschule Alstaden<br \/>\nBebelstr. 182<br \/>\n46049 Oberhausen<\/p>\n<p><strong>STADTTEILGESPR\u00c4CH LIRICH<\/strong><br \/>\nDienstag, 23. Juni 2015, ab 19.00 Uhr<br \/>\nAWO-Altenpflegeseminar<br \/>\nRosenstra\u00dfe 67<br \/>\n46049 Oberhausen<\/p>\n","protected":false},"excerpt":{"rendered":"<p>Im Rahmen seiner Veranstaltungsreihe &#8222;Stadtteilgespr\u00e4ch&#8220; l\u00e4dt der SPD-Ortsverein Oberhausen-West im Juni wieder zu B\u00fcrgerversammlungen in Alstaden und Lirich ein: Am Montag, 22. Juni 2015, ab 19.30 Uhr, geht es zun\u00e4chst&hellip; <\/p>\n","protected":false},"author":1,"featured_media":0,"comment_status":"closed","ping_status":"closed","sticky":false,"template":"","format":"standard","meta":{"footnotes":""},"categories":[167,171],"tags":[134,250,422,183,182,184,136],"quellen":[335],"class_list":["post-2540","post","type-post","status-publish","format-standard","hentry","category-stadtteile","category-veranstaltungen","tag-alstaden","tag-apostolos-tsalastras","tag-buergerversammlung","tag-lirich","tag-ov-oberhausen-west","tag-stadtteilgespraeche","tag-windkraftpark-styrumer-ruhrbogen","quellen-ov-west"],"_links":{"self":[{"href":"https:\/\/meier-gerdingh.de\/wp-spd-ob\/wp-json\/wp\/v2\/posts\/2540","targetHints":{"allow":["GET"]}}],"collection":[{"href":"https:\/\/meier-gerdingh.de\/wp-spd-ob\/wp-json\/wp\/v2\/posts"}],"about":[{"href":"https:\/\/meier-gerdingh.de\/wp-spd-ob\/wp-json\/wp\/v2\/types\/post"}],"author":[{"embeddable":true,"href":"https:\/\/meier-gerdingh.de\/wp-spd-ob\/wp-json\/wp\/v2\/users\/1"}],"replies":[{"embeddable":true,"href":"https:\/\/meier-gerdingh.de\/wp-spd-ob\/wp-json\/wp\/v2\/comments?post=2540"}],"version-history":[{"count":0,"href":"https:\/\/meier-gerdingh.de\/wp-spd-ob\/wp-json\/wp\/v2\/posts\/2540\/revisions"}],"wp:attachment":[{"href":"https:\/\/meier-gerdingh.de\/wp-spd-ob\/wp-json\/wp\/v2\/media?parent=2540"}],"wp:term":[{"taxonomy":"category","embeddable":true,"href":"https:\/\/meier-gerdingh.de\/wp-spd-ob\/wp-json\/wp\/v2\/categories?post=2540"},{"taxonomy":"post_tag","embeddable":true,"href":"https:\/\/meier-gerdingh.de\/wp-spd-ob\/wp-json\/wp\/v2\/tags?post=2540"},{"taxonomy":"quellen","embeddable":true,"href":"https:\/\/meier-gerdingh.de\/wp-spd-ob\/wp-json\/wp\/v2\/quellen?post=2540"}],"curies":[{"name":"wp","href":"https:\/\/api.w.org\/{rel}","templated":true}]}}