{"id":2541,"date":"2015-06-23T10:55:33","date_gmt":"2015-06-23T08:55:33","guid":{"rendered":"http:\/\/www.meier-gerdingh.de\/spd-oberhausen\/wp\/?p=2541"},"modified":"2016-12-27T13:38:58","modified_gmt":"2016-12-27T12:38:58","slug":"neuer-bewegungskindergarten-in-styrum-an-der-lothringer-strasse","status":"publish","type":"post","link":"https:\/\/meier-gerdingh.de\/wp-spd-ob\/2015\/06\/23\/neuer-bewegungskindergarten-in-styrum-an-der-lothringer-strasse\/","title":{"rendered":"Neuer Bewegungskindergarten in Styrum an der Lothringer Stra\u00dfe"},"content":{"rendered":"<p><a href=\"http:\/\/meier-gerdingh.de\/wp-spd-ob\/wp-content\/uploads\/wir_in_mitte_grashuepfer_02.jpg\"><img decoding=\"async\" class=\"aligncenter size-full wp-image-2515\" src=\"http:\/\/meier-gerdingh.de\/wp-spd-ob\/wp-content\/uploads\/wir_in_mitte_grashuepfer_02.jpg\" alt=\"wir_in_mitte_grashuepfer_02\" width=\"600\" height=\"450\" srcset=\"https:\/\/meier-gerdingh.de\/wp-spd-ob\/wp-content\/uploads\/wir_in_mitte_grashuepfer_02.jpg 600w, https:\/\/meier-gerdingh.de\/wp-spd-ob\/wp-content\/uploads\/wir_in_mitte_grashuepfer_02-300x225.jpg 300w\" sizes=\"(max-width: 600px) 100vw, 600px\" \/><\/a><em>Im Rahmen der Reihe &#8222;Wir in Mitte&#8220; hat der SPD-Ortsverein Oberhausen-Mitte in der letzten Woche mit Nachbarn und B\u00fcrgern sich vor Ort \u00fcber die Planungen des Kindergartens der Elterninitiative Bewegungskindergarten Grash\u00fcpfer e. V. an der Lothringer Stra\u00dfe informiert:<\/em><\/p>\n<p>Ausf\u00fchrlich wurden den Nachbarn und B\u00fcrgern vom gesch\u00e4ftsf\u00fchrenden Vorstand der Grash\u00fcpfer Herrn Thomas und der p\u00e4dagogischen Leiterin, Frau Popalzai, sowie dem Architekten, Herrn Bastian, die Ausbaupl\u00e4ne und das Konzept des Kindergartens erl\u00e4utert. Die Anwesenden begr\u00fc\u00dften die Investitionen des neuen Eigent\u00fcmers und Investors, Herrn G\u00fcnd\u00fcz, der das Geb\u00e4ude des ehemaligen Edeka-Marktes erworben und so den langen Leerstand beendet hat. &#8222;Eine gute Ma\u00dfnahmen und F\u00f6rderung f\u00fcr den Stadtteil Styrum&#8220;, so Imke Halbauer, Verantwortliche des Ortvereins f\u00fcr den Wahlkreis Styrum.<!--more--><\/p>\n<p>Beim zuk\u00fcnftigen Betrieb des Bewegungskindergartens werden 80 Kinder im Alter von einem Jahr bis zum Schuleintritt in vier Gruppen und schon heute in der angeschlossenen Tagespflege f\u00fcnf Kinder unter drei Jahren von zertifizierten Tagesm\u00fcttern betreut. Im Mittelpunkt der zuk\u00fcnftigen Arbeit stehen auch die Ern\u00e4hrung, die Sprachf\u00f6rderung und Inklusion. T\u00e4glich werden 20 Kinder von der Lothringer Stra\u00dfe mit dem Bus zum Kaisergarten gefahren und nachmittags wieder zur\u00fcck zur Einrichtung gebracht.<\/p>\n<p>Die Umbaupl\u00e4ne des Architekten passen sich sehr gut in das ehemalige Ladenlokal durch die Errichtung von zwei Lichth\u00f6fen und weiteren Fensterns an der Seite ein. Die Planungen f\u00fcr den hinteren Teil des Grundst\u00fccks sehen eine Au\u00dfenspielfl\u00e4che f\u00fcr die Kinder sowie Park- und Wendem\u00f6glichkeiten vor.<\/p>\n<p>Die vom Ortsverein im Vorfeld vorgeschlagene Begrenzung auf Tempo 30 in diesem Bereich wurde vom Bereich Tiefbau bereits aufgenommen und soll in ein noch zu erstellendes Konzept mit einflie\u00dfen. In diesem Zusammenhang wurde vom Ortsverein die Gelegenheit genutzt, die Anregungen und Ideen der B\u00fcrger und Nachbarn zur Verkehrssituation aufzunehmen. Diese werden vom Ortsverein in den weiteren Prozess eingebracht. Weitere Aktionen sind hierzu geplant.<\/p>\n<p>Bei der anschlie\u00dfenden Mitgliederversammlung des Ortsvereins im K14 erl\u00e4uterte der Oberb\u00fcrgermeisterkandidat Apostolos Tsalastras die Ergebnisse der Fraktionsklausurtagung der SPD-Fraktion. Ein Schwerpunkt der zuk\u00fcnftigen Arbeit des Ortsvereins wird daher u.a. die Begleitung der zahlreichen Stadtentwicklungsprojekte in der Innenstadt sein.<\/p>\n<p>Weitere Veranstaltungen im Rahmen der Reihe &#8222;Wir in Mitte&#8220; sind in Vorbereitung.<\/p>\n<p>[envira-gallery id=&#8220;2542&#8243;]<\/p>\n","protected":false},"excerpt":{"rendered":"<p>Im Rahmen der Reihe &#8222;Wir in Mitte&#8220; hat der SPD-Ortsverein Oberhausen-Mitte in der letzten Woche mit Nachbarn und B\u00fcrgern sich vor Ort \u00fcber die Planungen des Kindergartens der Elterninitiative Bewegungskindergarten&hellip; <\/p>\n","protected":false},"author":1,"featured_media":0,"comment_status":"closed","ping_status":"closed","sticky":false,"template":"","format":"standard","meta":{"footnotes":""},"categories":[179,167],"tags":[428,250,423,3,165,425,350,163,424,427,426],"quellen":[333],"class_list":["post-2541","post","type-post","status-publish","format-standard","hentry","category-kinder-und-jugendliche","category-stadtteile","tag-wir-in-mitte","tag-apostolos-tsalastras","tag-bewegungskindergarten-grashuepfer-e-v","tag-inklusion","tag-kitas","tag-lothringer-strasse","tag-ov-oberhausen-mitte","tag-sprachfoerderung","tag-styrum","tag-tempo-30-zonen","tag-verkehrsberuhigung","quellen-ov-mitte"],"_links":{"self":[{"href":"https:\/\/meier-gerdingh.de\/wp-spd-ob\/wp-json\/wp\/v2\/posts\/2541","targetHints":{"allow":["GET"]}}],"collection":[{"href":"https:\/\/meier-gerdingh.de\/wp-spd-ob\/wp-json\/wp\/v2\/posts"}],"about":[{"href":"https:\/\/meier-gerdingh.de\/wp-spd-ob\/wp-json\/wp\/v2\/types\/post"}],"author":[{"embeddable":true,"href":"https:\/\/meier-gerdingh.de\/wp-spd-ob\/wp-json\/wp\/v2\/users\/1"}],"replies":[{"embeddable":true,"href":"https:\/\/meier-gerdingh.de\/wp-spd-ob\/wp-json\/wp\/v2\/comments?post=2541"}],"version-history":[{"count":0,"href":"https:\/\/meier-gerdingh.de\/wp-spd-ob\/wp-json\/wp\/v2\/posts\/2541\/revisions"}],"wp:attachment":[{"href":"https:\/\/meier-gerdingh.de\/wp-spd-ob\/wp-json\/wp\/v2\/media?parent=2541"}],"wp:term":[{"taxonomy":"category","embeddable":true,"href":"https:\/\/meier-gerdingh.de\/wp-spd-ob\/wp-json\/wp\/v2\/categories?post=2541"},{"taxonomy":"post_tag","embeddable":true,"href":"https:\/\/meier-gerdingh.de\/wp-spd-ob\/wp-json\/wp\/v2\/tags?post=2541"},{"taxonomy":"quellen","embeddable":true,"href":"https:\/\/meier-gerdingh.de\/wp-spd-ob\/wp-json\/wp\/v2\/quellen?post=2541"}],"curies":[{"name":"wp","href":"https:\/\/api.w.org\/{rel}","templated":true}]}}