{"id":2547,"date":"2015-07-06T11:35:35","date_gmt":"2015-07-06T09:35:35","guid":{"rendered":"http:\/\/www.meier-gerdingh.de\/spd-oberhausen\/wp\/?p=2547"},"modified":"2016-12-27T13:39:31","modified_gmt":"2016-12-27T12:39:31","slug":"ob-kandidat-stellt-seine-tour-durch-oberhausen-vor","status":"publish","type":"post","link":"https:\/\/meier-gerdingh.de\/wp-spd-ob\/2015\/07\/06\/ob-kandidat-stellt-seine-tour-durch-oberhausen-vor\/","title":{"rendered":"OB-Kandidat stellt seine Tour durch Oberhausen vor"},"content":{"rendered":"<div class=\"wp-caption alignleft\" style=\"width: 200px;\"><a href=\"http:\/\/meier-gerdingh.de\/wp-spd-ob\/wp-content\/uploads\/banner_posto_packts_an.jpg\"><img decoding=\"async\" class=\"alignleft size-full wp-image-2548\" src=\"http:\/\/meier-gerdingh.de\/wp-spd-ob\/wp-content\/uploads\/banner_posto_packts_an.jpg\" alt=\"banner_posto_packts_an\" width=\"200\" height=\"325\" srcset=\"https:\/\/meier-gerdingh.de\/wp-spd-ob\/wp-content\/uploads\/banner_posto_packts_an.jpg 200w, https:\/\/meier-gerdingh.de\/wp-spd-ob\/wp-content\/uploads\/banner_posto_packts_an-185x300.jpg 185w\" sizes=\"(max-width: 200px) 100vw, 200px\" \/><\/a><\/div>\n<p>&#8222;Ich m\u00f6chte zuh\u00f6ren, wo angepackt werden muss, von Menschen lernen, die anpacken und Ideen vorstellen, die ich anpacken will&#8220;, so stellt der Oberb\u00fcrgermeisterkandidat Apostolos Tsalastras seine &#8222;Posto packt\u00b4s an-Tour&#8220; vor, in deren Rahmen er in den Ferien in Oberhausen unterwegs sein wird. Bewusst wolle er auch dort hingehen, wo kritische Diskussionen zu erwarten sind. Hier nennt er als Beispiele das Wohnumfeld des Rotlichtviertels, das Gewerbegebiet Weierheide und die Kapellenstra\u00dfe. &#8222;Mit geht es nicht um Wohlf\u00fchltermine in der Sommerzeit, sondern um einen offenen und kritischen Dialog&#8220;, so Tsalastras in Erwartung auch kontroverser Gespr\u00e4che.<!--more--><\/p>\n<p>Lernen m\u00f6chte er bei seinen Praxistagen zum Beispiel in der Jugendarbeit und in einer Kindertageseinrichtung. &#8222;Mir haben die Praxistage von Hannelore Kraft in verschiedenen Einrichtungen imponiert und deshalb greife ich diese Idee gerne auf&#8220;, freut sich der OB-Kandidat auf diese Termine. Au\u00dferdem geht es ihm darum, Vorschl\u00e4ge f\u00fcr weitere Entwicklungen in Oberhausen zu machen und diese mit den Menschen zu diskutieren. So etwa zu einem Zukunftsinvestitionsprogramm Bildung, zur Entwicklung des Revierparks Vonderort, zum Klimaschutz oder zum Zechengel\u00e4nde in Sterkrade. &#8222;Ich will meine Zukunftsideen f\u00fcr unsere Stadt vor Ort mit Betroffenen und Experten diskutieren.&#8220;<\/p>\n<p>Einige Termine habe er sich selbst ausgesucht, andere seien durch Vorschl\u00e4ge von B\u00fcrgerinitiativen oder der Parteien der Ampelkoalition entstanden. Daraus habe sich ein vielf\u00e4ltiges Programm entwickelt. Sollte es noch weitere Vorschl\u00e4ge aus der Bev\u00f6lkerung geben, will er gerne versuchen diese noch in die &#8222;Posto packt\u00b4s an-Tour&#8220; aufzunehmen.<\/p>\n<p>Vorschl\u00e4ge bitte an:<\/p>\n<p><a href=\"mailto:apostolos@tsalastras.de\" target=\"_blank\">apostolos@tsalastras.de<\/a><\/p>\n<p>oder<\/p>\n<p><a href=\"https:\/\/www.facebook.com\/tsalastras\" target=\"_blank\">facebook.com\/tsalastras<\/a><\/p>\n","protected":false},"excerpt":{"rendered":"<p>&#8222;Ich m\u00f6chte zuh\u00f6ren, wo angepackt werden muss, von Menschen lernen, die anpacken und Ideen vorstellen, die ich anpacken will&#8220;, so stellt der Oberb\u00fcrgermeisterkandidat Apostolos Tsalastras seine &#8222;Posto packt\u00b4s an-Tour&#8220; vor,&hellip; <\/p>\n","protected":false},"author":1,"featured_media":0,"comment_status":"closed","ping_status":"closed","sticky":false,"template":"","format":"standard","meta":{"footnotes":""},"categories":[178],"tags":[433,250,434,435,251,299,436,402,437],"quellen":[327],"class_list":["post-2547","post","type-post","status-publish","format-standard","hentry","category-wahlen","tag-posto-packts-an-tour-2015","tag-apostolos-tsalastras","tag-gewerbegebiet-weierheide","tag-kapellenstrasse","tag-ob-kandidat","tag-oberbuergermeister-kandidat","tag-praxistage","tag-rotlichtviertel","tag-zukunftsinvestitionsprogramm","quellen-spd-unterbezirk-oberhausen"],"_links":{"self":[{"href":"https:\/\/meier-gerdingh.de\/wp-spd-ob\/wp-json\/wp\/v2\/posts\/2547","targetHints":{"allow":["GET"]}}],"collection":[{"href":"https:\/\/meier-gerdingh.de\/wp-spd-ob\/wp-json\/wp\/v2\/posts"}],"about":[{"href":"https:\/\/meier-gerdingh.de\/wp-spd-ob\/wp-json\/wp\/v2\/types\/post"}],"author":[{"embeddable":true,"href":"https:\/\/meier-gerdingh.de\/wp-spd-ob\/wp-json\/wp\/v2\/users\/1"}],"replies":[{"embeddable":true,"href":"https:\/\/meier-gerdingh.de\/wp-spd-ob\/wp-json\/wp\/v2\/comments?post=2547"}],"version-history":[{"count":0,"href":"https:\/\/meier-gerdingh.de\/wp-spd-ob\/wp-json\/wp\/v2\/posts\/2547\/revisions"}],"wp:attachment":[{"href":"https:\/\/meier-gerdingh.de\/wp-spd-ob\/wp-json\/wp\/v2\/media?parent=2547"}],"wp:term":[{"taxonomy":"category","embeddable":true,"href":"https:\/\/meier-gerdingh.de\/wp-spd-ob\/wp-json\/wp\/v2\/categories?post=2547"},{"taxonomy":"post_tag","embeddable":true,"href":"https:\/\/meier-gerdingh.de\/wp-spd-ob\/wp-json\/wp\/v2\/tags?post=2547"},{"taxonomy":"quellen","embeddable":true,"href":"https:\/\/meier-gerdingh.de\/wp-spd-ob\/wp-json\/wp\/v2\/quellen?post=2547"}],"curies":[{"name":"wp","href":"https:\/\/api.w.org\/{rel}","templated":true}]}}