{"id":2550,"date":"2015-07-14T11:52:00","date_gmt":"2015-07-14T09:52:00","guid":{"rendered":"http:\/\/www.meier-gerdingh.de\/spd-oberhausen\/wp\/?p=2550"},"modified":"2016-12-27T13:40:01","modified_gmt":"2016-12-27T12:40:01","slug":"tsalastras-praxistag-in-der-kita-emek","status":"publish","type":"post","link":"https:\/\/meier-gerdingh.de\/wp-spd-ob\/2015\/07\/14\/tsalastras-praxistag-in-der-kita-emek\/","title":{"rendered":"Tsalastras Praxistag in der Kita Emek"},"content":{"rendered":"<p><a href=\"http:\/\/meier-gerdingh.de\/wp-spd-ob\/wp-content\/uploads\/posto_packt_an_tour_emek.jpg\"><img decoding=\"async\" class=\"aligncenter size-full wp-image-2517\" src=\"http:\/\/meier-gerdingh.de\/wp-spd-ob\/wp-content\/uploads\/posto_packt_an_tour_emek.jpg\" alt=\"posto_packt_an_tour_emek\" width=\"600\" height=\"450\" srcset=\"https:\/\/meier-gerdingh.de\/wp-spd-ob\/wp-content\/uploads\/posto_packt_an_tour_emek.jpg 600w, https:\/\/meier-gerdingh.de\/wp-spd-ob\/wp-content\/uploads\/posto_packt_an_tour_emek-300x225.jpg 300w\" sizes=\"(max-width: 600px) 100vw, 600px\" \/><\/a>&#8222;Es ist sehr wichtig, schon unsere Kleinsten zu f\u00f6rdern&#8220;, fasst Oberb\u00fcrgermeisterkandidat Apostolos Tsalastras die Erfahrungen seines Praxistages in einer Kindertageseinrichtung zusammen. Fr\u00fche F\u00f6rderung habe gro\u00dfe Bedeutung f\u00fcr mehr Chancengleichheit. &#8222;Der Bildungserfolg von Kindern darf nicht vom Geldbeutel der Eltern abh\u00e4ngen, hierzu leisten gerade die Erzieherinnen und Erzieher in den Kindertagesst\u00e4tten einen wichtigen Beitrag&#8220;, so Tsalastras nach seinem Kurzpraktikum in der Kindertageseinrichtung Emek.<!--more--><\/p>\n<p>Besonders im Fokus stehe dabei die Sprach- und die Bewegungsf\u00f6rderung. &#8222;Es ist beeindruckend, wie schnell Kinder in diesem Alter lernen&#8220;, freut sich Tsalastras \u00fcber die gemeinsamen Spielaktionen mit den Kleinen. Gleichzeitig wurde deutlich, wie vielf\u00e4ltig und herausfordernd der Alltag in der Kita ist. F\u00f6rderung, Betreuung und menschliche Zuwendung geh\u00f6ren genauso dazu wie die Zusammenarbeit mit Eltern, aber auch B\u00fcrot\u00e4tigkeiten und die Versorgung mit Essen. &#8222;Dies ist nur mit viel Herzblut und Engagement zu schaffen&#8220;, so Tsalastras.<\/p>\n<p>Im Abschlussgespr\u00e4ch mit Kitaleiterin Sonja Lunkeit und Tr\u00e4gervertretern erl\u00e4uterte Tsalastras seine Vorschl\u00e4ge fr\u00fchkindliche F\u00f6rderungen zu st\u00e4rken und Kindertageseinrichtungen besser zu unterst\u00fctzen. Hierzu geh\u00f6rt der Bau neuer Kindertageseinrichtungen in Oberhausen, eine st\u00e4rkere Unterst\u00fctzung von Tr\u00e4gern und ein Zukunftsinvestitionsprogramm Bildung, das auch Kindertageseinrichtungen zu Gute kommt. Hieraus sollen auch freie Tr\u00e4ger Mittel f\u00fcr die Sanierung ihrer Einrichtungen erhalten. Zudem wird das Anmeldeverfahren f\u00fcr die Einrichtungen verbessert, um B\u00fcrokratie abzubauen, Doppelanmeldungen zu vermeiden und den Eltern schneller mitzuteilen, wann und wo sie einen Platz bekommen. Sonja Lunkeit betonte die Wichtigkeit der Elternarbeit und machte deutlich, dass nicht alle Kitas vor gleich gro\u00dfen Herausforderungen stehen.<\/p>\n<p>&#8222;Deshalb m\u00fcssen manche Kindertageseinrichtungen st\u00e4rker unterst\u00fctzt werden als andere&#8220;, so die Leiterin. Tsalastras k\u00fcndigte an, zu pr\u00fcfen, wie die Stadt dies umsetzen kann. &#8222;Wir m\u00fcssen Ungleiches ungleich behandeln und dort am meisten unterst\u00fctzen, wo die gr\u00f6\u00dften Bedarfe sind&#8220;, so der Oberb\u00fcrgermeisterkandidat. Um notwendige weitere Verbesserungen der Personalsituation zu erreichen, schl\u00e4gt Tsalastras eine gemeinsame Anstrengung von Bund, Land und Kommunen vor. Hierzu habe er sich an Hannelore Kraft gewandt. &#8222;Um die Gesamtsituation in den Kitas weiter zu verbessern, m\u00fcssen wir alle an einem Strang ziehen&#8220;, fordert er eine gemeinsame Anstrengung, um die fr\u00fche F\u00f6rderung von Kindern weiter zu verbessern. &#8222;Wir wollen kein Kind zur\u00fcck lassen und hierzu m\u00fcssen wir gemeinsam in die Zukunft unserer Kinder investieren.&#8220;<\/p>\n","protected":false},"excerpt":{"rendered":"<p>&#8222;Es ist sehr wichtig, schon unsere Kleinsten zu f\u00f6rdern&#8220;, fasst Oberb\u00fcrgermeisterkandidat Apostolos Tsalastras die Erfahrungen seines Praxistages in einer Kindertageseinrichtung zusammen. Fr\u00fche F\u00f6rderung habe gro\u00dfe Bedeutung f\u00fcr mehr Chancengleichheit. &#8222;Der&hellip; <\/p>\n","protected":false},"author":1,"featured_media":0,"comment_status":"closed","ping_status":"closed","sticky":false,"template":"","format":"standard","meta":{"footnotes":""},"categories":[231,179],"tags":[433,250,230,440,165,436,163],"quellen":[327],"class_list":["post-2550","post","type-post","status-publish","format-standard","hentry","category-bildung","category-kinder-und-jugendliche","tag-posto-packts-an-tour-2015","tag-apostolos-tsalastras","tag-fruehkindliche-bildung","tag-kindertageseinrichtung-emek","tag-kitas","tag-praxistage","tag-sprachfoerderung","quellen-spd-unterbezirk-oberhausen"],"_links":{"self":[{"href":"https:\/\/meier-gerdingh.de\/wp-spd-ob\/wp-json\/wp\/v2\/posts\/2550","targetHints":{"allow":["GET"]}}],"collection":[{"href":"https:\/\/meier-gerdingh.de\/wp-spd-ob\/wp-json\/wp\/v2\/posts"}],"about":[{"href":"https:\/\/meier-gerdingh.de\/wp-spd-ob\/wp-json\/wp\/v2\/types\/post"}],"author":[{"embeddable":true,"href":"https:\/\/meier-gerdingh.de\/wp-spd-ob\/wp-json\/wp\/v2\/users\/1"}],"replies":[{"embeddable":true,"href":"https:\/\/meier-gerdingh.de\/wp-spd-ob\/wp-json\/wp\/v2\/comments?post=2550"}],"version-history":[{"count":0,"href":"https:\/\/meier-gerdingh.de\/wp-spd-ob\/wp-json\/wp\/v2\/posts\/2550\/revisions"}],"wp:attachment":[{"href":"https:\/\/meier-gerdingh.de\/wp-spd-ob\/wp-json\/wp\/v2\/media?parent=2550"}],"wp:term":[{"taxonomy":"category","embeddable":true,"href":"https:\/\/meier-gerdingh.de\/wp-spd-ob\/wp-json\/wp\/v2\/categories?post=2550"},{"taxonomy":"post_tag","embeddable":true,"href":"https:\/\/meier-gerdingh.de\/wp-spd-ob\/wp-json\/wp\/v2\/tags?post=2550"},{"taxonomy":"quellen","embeddable":true,"href":"https:\/\/meier-gerdingh.de\/wp-spd-ob\/wp-json\/wp\/v2\/quellen?post=2550"}],"curies":[{"name":"wp","href":"https:\/\/api.w.org\/{rel}","templated":true}]}}