{"id":2552,"date":"2015-07-17T12:03:27","date_gmt":"2015-07-17T10:03:27","guid":{"rendered":"http:\/\/www.meier-gerdingh.de\/spd-oberhausen\/wp\/?p=2552"},"modified":"2016-12-27T14:01:40","modified_gmt":"2016-12-27T13:01:40","slug":"fuer-eine-neue-nutzung-des-schuhhauses-erwig","status":"publish","type":"post","link":"https:\/\/meier-gerdingh.de\/wp-spd-ob\/2015\/07\/17\/fuer-eine-neue-nutzung-des-schuhhauses-erwig\/","title":{"rendered":"F\u00fcr eine neue Nutzung des Schuhhauses Erwig"},"content":{"rendered":"<p><a href=\"http:\/\/meier-gerdingh.de\/wp-spd-ob\/wp-content\/uploads\/posto_packt_an_tour_erwig_01.jpg\"><img decoding=\"async\" class=\"aligncenter size-full wp-image-2518\" src=\"http:\/\/meier-gerdingh.de\/wp-spd-ob\/wp-content\/uploads\/posto_packt_an_tour_erwig_01.jpg\" alt=\"posto_packt_an_tour_erwig_01\" width=\"600\" height=\"400\" srcset=\"https:\/\/meier-gerdingh.de\/wp-spd-ob\/wp-content\/uploads\/posto_packt_an_tour_erwig_01.jpg 600w, https:\/\/meier-gerdingh.de\/wp-spd-ob\/wp-content\/uploads\/posto_packt_an_tour_erwig_01-300x200.jpg 300w\" sizes=\"(max-width: 600px) 100vw, 600px\" \/><\/a>Das sogenannte &#8222;Schuhhaus Erwig&#8220; ist seit Jahren ein Schandfleck und ein \u00c4rgernis f\u00fcr den Stadtteil. Nachdem zahlreiche Versuche mit dem ehemaligen Besitzer zu einer L\u00f6sung zu kommen gescheitert sind, gibt es nun einen neuen Eigent\u00fcmer und damit neue M\u00f6glichkeiten. &#8222;Dar\u00fcber habe ich im Rahmen meiner Tour mit B\u00fcrgerinnen und B\u00fcrgern in Osterfeld diskutiert. Wir waren uns einig, dass was passieren muss&#8220;, so Apostolos Tsalastras.<!--more--><\/p>\n<p>[php snippet=1]<\/p>\n<p>Neue Perspektiven f\u00fcr Osterfeld, und auch f\u00fcr den Leerstand, bietet insbesondere das Projekt &#8222;Soziale Stadt&#8220;, an dem Osterfeld ab 2016 teilnehmen wird. &#8222;Wir werden in den n\u00e4chsten Jahren 10 Millionen Euro in die Osterfelder Innenstadt investieren. Und in diesem Rahmen muss es auch zu einer L\u00f6sung des Problems &#8218;Schuhhaus Erwig&#8216; kommen.&#8220;<\/p>\n<p>Tsalastras sieht drei M\u00f6glichkeiten, wie man weiter verfahren k\u00f6nnte: Die Einrichtung eines Stadtteilb\u00fcros im Rahmen der &#8222;sozialen Stadt&#8220; ab 2016. Oder eine komplette Sanierung und neue Nutzung etwa durch eine caritative Organisation. Der dritte Weg w\u00e4re eine Modernisierung des Geb\u00e4udes, zum Beispiel als Wohnstandort. \u00dcber L\u00f6sungen werden aktuell Gespr\u00e4che mit dem Eigent\u00fcmer gef\u00fchrt.<\/p>\n","protected":false},"excerpt":{"rendered":"<p>Das sogenannte &#8222;Schuhhaus Erwig&#8220; ist seit Jahren ein Schandfleck und ein \u00c4rgernis f\u00fcr den Stadtteil. Nachdem zahlreiche Versuche mit dem ehemaligen Besitzer zu einer L\u00f6sung zu kommen gescheitert sind, gibt&hellip; <\/p>\n","protected":false},"author":1,"featured_media":0,"comment_status":"closed","ping_status":"closed","sticky":false,"template":"","format":"standard","meta":{"footnotes":""},"categories":[167,178],"tags":[433,250,447,251,299,80,25,41,205,446],"quellen":[327],"class_list":["post-2552","post","type-post","status-publish","format-standard","hentry","category-stadtteile","category-wahlen","tag-posto-packts-an-tour-2015","tag-apostolos-tsalastras","tag-leerstaende","tag-ob-kandidat","tag-oberbuergermeister-kandidat","tag-oberbuergermeisterwahl","tag-oberbuergermeisterwahl-2015","tag-osterfeld","tag-programm-soziale-stadt","tag-schuhhaus-erwig","quellen-spd-unterbezirk-oberhausen"],"_links":{"self":[{"href":"https:\/\/meier-gerdingh.de\/wp-spd-ob\/wp-json\/wp\/v2\/posts\/2552","targetHints":{"allow":["GET"]}}],"collection":[{"href":"https:\/\/meier-gerdingh.de\/wp-spd-ob\/wp-json\/wp\/v2\/posts"}],"about":[{"href":"https:\/\/meier-gerdingh.de\/wp-spd-ob\/wp-json\/wp\/v2\/types\/post"}],"author":[{"embeddable":true,"href":"https:\/\/meier-gerdingh.de\/wp-spd-ob\/wp-json\/wp\/v2\/users\/1"}],"replies":[{"embeddable":true,"href":"https:\/\/meier-gerdingh.de\/wp-spd-ob\/wp-json\/wp\/v2\/comments?post=2552"}],"version-history":[{"count":0,"href":"https:\/\/meier-gerdingh.de\/wp-spd-ob\/wp-json\/wp\/v2\/posts\/2552\/revisions"}],"wp:attachment":[{"href":"https:\/\/meier-gerdingh.de\/wp-spd-ob\/wp-json\/wp\/v2\/media?parent=2552"}],"wp:term":[{"taxonomy":"category","embeddable":true,"href":"https:\/\/meier-gerdingh.de\/wp-spd-ob\/wp-json\/wp\/v2\/categories?post=2552"},{"taxonomy":"post_tag","embeddable":true,"href":"https:\/\/meier-gerdingh.de\/wp-spd-ob\/wp-json\/wp\/v2\/tags?post=2552"},{"taxonomy":"quellen","embeddable":true,"href":"https:\/\/meier-gerdingh.de\/wp-spd-ob\/wp-json\/wp\/v2\/quellen?post=2552"}],"curies":[{"name":"wp","href":"https:\/\/api.w.org\/{rel}","templated":true}]}}