{"id":256,"date":"2003-05-27T16:00:00","date_gmt":"2003-05-27T14:00:00","guid":{"rendered":"http:\/\/www.meier-gerdingh.de\/spd-oberhausen\/wp\/?p=256"},"modified":"2017-05-02T17:46:42","modified_gmt":"2017-05-02T15:46:42","slug":"schwan-bleibt-stehen","status":"publish","type":"post","link":"https:\/\/meier-gerdingh.de\/wp-spd-ob\/2003\/05\/27\/schwan-bleibt-stehen\/","title":{"rendered":"Schwan bleibt stehen!"},"content":{"rendered":"<div style=\"width: 190px\" class=\"wp-caption alignleft\"><a href=\"http:\/\/meier-gerdingh.de\/wp-spd-ob\/wp-content\/uploads\/friedensplatz.jpg\"><img decoding=\"async\" class=\"size-full\" src=\"http:\/\/meier-gerdingh.de\/wp-spd-ob\/wp-content\/uploads\/friedensplatz.jpg\" alt=\"Friedensplatz: Der Schwan bleibt stehen\" width=\"180\" height=\"119\" \/><\/a><p class=\"wp-caption-text\">Friedensplatz: Der Schwan bleibt stehen<\/p><\/div>\n<p>Kurz und schmerzlos beerdigte die SPD-Fraktion am heutigen Vormittag die Pl\u00e4ne zur Umgestaltung des Friedensplatzes in ihrer bisherigen Form. SPD-Fraktionschef Wolfgang Gro\u00dfe Br\u00f6mer: &#8222;Der Schwan bleibt stehen und die B\u00e4ume werden nicht gef\u00e4llt. Wir haben die Verwaltung aufgefordert, die Planungen f\u00fcr die Umgestaltung anzupassen und eine breite B\u00fcrgerbeteiligung sicherzustellen.&#8220;<!--more--><\/p>\n<p>Hilfreich k\u00f6nnte nach Ansicht der SPD-Fraktion zum Beispiel die Einrichtung eines projektbegleitenden Workshops sein, in dem b\u00fcrgerschaftlicher Sachverstand aus dem City-Bereich geb\u00fcndelt wird. Grunds\u00e4tzlich festhalten wollen die Sozialdemokraten allerdings an den allgemeinen Planungszielen, die schon dem urspr\u00fcnglichen Gestaltungswettbewerb zugrunde lagen:<\/p>\n<p>So sei es nach wie vor richtig, die st\u00e4dtebauliche Funktion des Friedensplatzes als Br\u00fccke zwischen Hauptbahnhof und Fu\u00dfg\u00e4ngerzone zu st\u00e4rken und die Infrastruktur des sch\u00f6nsten Platzes der Stadt f\u00fcr Feste und Veranstaltungen zu verbessern. Dazu geh\u00f6re auch die Grundsanierung von Pflaster und Beckenbereich.<\/p>\n","protected":false},"excerpt":{"rendered":"<p>Kurz und schmerzlos beerdigte die SPD-Fraktion am heutigen Vormittag die Pl\u00e4ne zur Umgestaltung des Friedensplatzes in ihrer bisherigen Form. SPD-Fraktionschef Wolfgang Gro\u00dfe Br\u00f6mer: &#8222;Der Schwan bleibt stehen und die B\u00e4ume&hellip; <\/p>\n","protected":false},"author":1,"featured_media":0,"comment_status":"closed","ping_status":"closed","sticky":false,"template":"","format":"standard","meta":{"footnotes":""},"categories":[1],"tags":[],"quellen":[],"class_list":["post-256","post","type-post","status-publish","format-standard","hentry","category-allgemein"],"_links":{"self":[{"href":"https:\/\/meier-gerdingh.de\/wp-spd-ob\/wp-json\/wp\/v2\/posts\/256","targetHints":{"allow":["GET"]}}],"collection":[{"href":"https:\/\/meier-gerdingh.de\/wp-spd-ob\/wp-json\/wp\/v2\/posts"}],"about":[{"href":"https:\/\/meier-gerdingh.de\/wp-spd-ob\/wp-json\/wp\/v2\/types\/post"}],"author":[{"embeddable":true,"href":"https:\/\/meier-gerdingh.de\/wp-spd-ob\/wp-json\/wp\/v2\/users\/1"}],"replies":[{"embeddable":true,"href":"https:\/\/meier-gerdingh.de\/wp-spd-ob\/wp-json\/wp\/v2\/comments?post=256"}],"version-history":[{"count":0,"href":"https:\/\/meier-gerdingh.de\/wp-spd-ob\/wp-json\/wp\/v2\/posts\/256\/revisions"}],"wp:attachment":[{"href":"https:\/\/meier-gerdingh.de\/wp-spd-ob\/wp-json\/wp\/v2\/media?parent=256"}],"wp:term":[{"taxonomy":"category","embeddable":true,"href":"https:\/\/meier-gerdingh.de\/wp-spd-ob\/wp-json\/wp\/v2\/categories?post=256"},{"taxonomy":"post_tag","embeddable":true,"href":"https:\/\/meier-gerdingh.de\/wp-spd-ob\/wp-json\/wp\/v2\/tags?post=256"},{"taxonomy":"quellen","embeddable":true,"href":"https:\/\/meier-gerdingh.de\/wp-spd-ob\/wp-json\/wp\/v2\/quellen?post=256"}],"curies":[{"name":"wp","href":"https:\/\/api.w.org\/{rel}","templated":true}]}}