{"id":2567,"date":"2015-07-31T14:15:58","date_gmt":"2015-07-31T12:15:58","guid":{"rendered":"http:\/\/www.meier-gerdingh.de\/spd-oberhausen\/wp\/?p=2567"},"modified":"2015-09-27T14:21:45","modified_gmt":"2015-09-27T12:21:45","slug":"dritte-veranstaltung-von-postos-bahnhof-mit-burkhard-drescher-und-friedhelm-van-den-mond","status":"publish","type":"post","link":"https:\/\/meier-gerdingh.de\/wp-spd-ob\/2015\/07\/31\/dritte-veranstaltung-von-postos-bahnhof-mit-burkhard-drescher-und-friedhelm-van-den-mond\/","title":{"rendered":"Dritte Veranstaltung von Postos Bahnhof mit Burkhard Drescher und Friedhelm van den Mond"},"content":{"rendered":"<p><a href=\"http:\/\/meier-gerdingh.de\/wp-spd-ob\/wp-content\/uploads\/postos_bahnhof_van_dern_mond_drescher.jpg\"><img decoding=\"async\" src=\"http:\/\/meier-gerdingh.de\/wp-spd-ob\/wp-content\/uploads\/postos_bahnhof_van_dern_mond_drescher.jpg\" alt=\"postos_bahnhof_van_dern_mond_drescher\" width=\"600\" height=\"529\" class=\"aligncenter size-full wp-image-2571\" srcset=\"https:\/\/meier-gerdingh.de\/wp-spd-ob\/wp-content\/uploads\/postos_bahnhof_van_dern_mond_drescher.jpg 600w, https:\/\/meier-gerdingh.de\/wp-spd-ob\/wp-content\/uploads\/postos_bahnhof_van_dern_mond_drescher-300x265.jpg 300w\" sizes=\"(max-width: 600px) 100vw, 600px\" \/><\/a><em>Politische Statements und emotionale Bekenntnisse &#8211; auch bei der dritten Veranstaltung in der Talkreihe &#8222;Postos Bahnhof&#8220; im Oberhausener Bahnhofsturm zeigte sich das besondere an diesem Format. Diesmal redeten die Alt-Oberb\u00fcrgermeister Friedhelm van den Mond und Burkhard Drescher gemeinsam mit Tsalastras Klartext.<\/em>  <\/p>\n<p>Viele Themen sprach OB-Kandidat &#8222;Posto&#8220; Tsalastras an diesem Abend an. Doch ein Thema zog sich wie ein roter Faden durch das Gespr\u00e4ch: der Strukturwandel und seine Folgen. &#8222;Das war oft ein Ritt auf der Rasierklinge. Vieles ist uns gelungen, an manchem muss noch gearbeitet werden&#8220;, darin waren sich alle einig.<!--more--><\/p>\n<p>So sind das Stahlwerkgel\u00e4nde und die heutige Nutzung ein wichtiges Problemfeld. &#8222;Leider hat es damals einen Regierungswechsel im Land gegeben und Schwarz-Gelb hat uns dann die angedachten Projekte kaputt gemacht&#8220;, so van den Mond. Jetzt muss ein zukunftsgerichteter Blick und ein selbstbewusster Umgang mit dem Gel\u00e4nde her. Bei dem Talk k\u00fcndigte Tsalastras an, dass die Stadt eine Fl\u00e4che zur Erweiterung des Fraunhofer UMSICHT ankaufen will.<\/p>\n<p>Aber auch \u00fcber Institutionen, die man sich heute aus Oberhausen nicht mehr wegdenken kann, wurde im Laufe der Zeit diskutiert: &#8222;Das muss ich ehrlich sagen: Am Anfang war ich damals auch f\u00fcr den Abriss des Gasometers. Aber dann sagte ich mir: Bevor du daf\u00fcr stimmst, musst du da mal rein. Und als dann die Sonne in der Kuppel aufging, wusste ich: So was kannst du nicht abrei\u00dfen&#8220;, erz\u00e4hlt van den Mond \u00fcber den damaligen Bewusstseinswandel, der nicht nur ihn erfasste.<\/p>\n<p>Drescher und er erlebten auch die Zusammenlegung der beiden \u00c4mter des Oberstadtdirektors als Chef der Verwaltung und des Oberb\u00fcrgermeisters als Repr\u00e4sentant der Stadt. Heute ist man als Stadtoberhaupt beides in einer Person. Drescher dazu: &#8222;Deshalb kann das Amt nicht von einem Laien ohne jede Verwaltungserfahrung ausgef\u00fcllt werden. Daf\u00fcr hat der OB viel zu viel Verantwortung.&#8220;  <\/p>\n<p>Als ein weiteres zuk\u00fcnftiges Vorhaben mit Strahlkraft \u00fcber die Stadt hinaus sieht Tsalastras die Installation des Projektes &#8222;Innovation City&#8220;. Besonders in Alt-Oberhausen k\u00f6nnte der klimafreundliche Stadtumbau viel bewirken. Hier ist das nun in Planung befindliche Gew\u00e4chshaus auf dem B\u00fcroneubau am Altmarkt in Zusammenarbeit mit dem Fraunhofer Institut ein erster Schritt. Ein schon oft geforderter Fortschritt w\u00e4re au\u00dferdem die engere Zusammenarbeit der Kernst\u00e4dte des Ruhrgebietes.    <\/p>\n<p>Die n\u00e4chste Veranstaltung der Talkreihe findet im Turm am Hauptbahnhof am 10. August um 19 Uhr mit Franz M\u00fcntefering statt.<\/p>\n","protected":false},"excerpt":{"rendered":"<p>Politische Statements und emotionale Bekenntnisse &#8211; auch bei der dritten Veranstaltung in der Talkreihe &#8222;Postos Bahnhof&#8220; im Oberhausener Bahnhofsturm zeigte sich das besondere an diesem Format. Diesmal redeten die Alt-Oberb\u00fcrgermeister&hellip; <\/p>\n","protected":false},"author":1,"featured_media":0,"comment_status":"closed","ping_status":"closed","sticky":false,"template":"","format":"standard","meta":{"footnotes":""},"categories":[171,178],"tags":[467,466,465,469,414,468,50],"quellen":[327],"class_list":["post-2567","post","type-post","status-publish","format-standard","hentry","category-veranstaltungen","category-wahlen","tag-innovation-city","tag-burkhard-drecher","tag-friedhelm-van-den-mond","tag-gasometer","tag-postos-bahnhof","tag-stahlwerksgelaende","tag-strukturwandel","quellen-spd-unterbezirk-oberhausen"],"_links":{"self":[{"href":"https:\/\/meier-gerdingh.de\/wp-spd-ob\/wp-json\/wp\/v2\/posts\/2567","targetHints":{"allow":["GET"]}}],"collection":[{"href":"https:\/\/meier-gerdingh.de\/wp-spd-ob\/wp-json\/wp\/v2\/posts"}],"about":[{"href":"https:\/\/meier-gerdingh.de\/wp-spd-ob\/wp-json\/wp\/v2\/types\/post"}],"author":[{"embeddable":true,"href":"https:\/\/meier-gerdingh.de\/wp-spd-ob\/wp-json\/wp\/v2\/users\/1"}],"replies":[{"embeddable":true,"href":"https:\/\/meier-gerdingh.de\/wp-spd-ob\/wp-json\/wp\/v2\/comments?post=2567"}],"version-history":[{"count":0,"href":"https:\/\/meier-gerdingh.de\/wp-spd-ob\/wp-json\/wp\/v2\/posts\/2567\/revisions"}],"wp:attachment":[{"href":"https:\/\/meier-gerdingh.de\/wp-spd-ob\/wp-json\/wp\/v2\/media?parent=2567"}],"wp:term":[{"taxonomy":"category","embeddable":true,"href":"https:\/\/meier-gerdingh.de\/wp-spd-ob\/wp-json\/wp\/v2\/categories?post=2567"},{"taxonomy":"post_tag","embeddable":true,"href":"https:\/\/meier-gerdingh.de\/wp-spd-ob\/wp-json\/wp\/v2\/tags?post=2567"},{"taxonomy":"quellen","embeddable":true,"href":"https:\/\/meier-gerdingh.de\/wp-spd-ob\/wp-json\/wp\/v2\/quellen?post=2567"}],"curies":[{"name":"wp","href":"https:\/\/api.w.org\/{rel}","templated":true}]}}