{"id":2572,"date":"2015-08-14T14:21:58","date_gmt":"2015-08-14T12:21:58","guid":{"rendered":"http:\/\/www.meier-gerdingh.de\/spd-oberhausen\/wp\/?p=2572"},"modified":"2016-12-27T14:02:27","modified_gmt":"2016-12-27T13:02:27","slug":"spd-urgestein-franz-muentefering-war-bei-apostolos-tsalastras-im-bahnhofsturm-zu-gast","status":"publish","type":"post","link":"https:\/\/meier-gerdingh.de\/wp-spd-ob\/2015\/08\/14\/spd-urgestein-franz-muentefering-war-bei-apostolos-tsalastras-im-bahnhofsturm-zu-gast\/","title":{"rendered":"SPD-Urgestein Franz M\u00fcntefering war bei Apostolos Tsalastras im Bahnhofsturm zu Gast"},"content":{"rendered":"<p><a href=\"http:\/\/meier-gerdingh.de\/wp-spd-ob\/wp-content\/uploads\/postos_bahnhof_franz_muentefering.jpg\"><img decoding=\"async\" class=\"aligncenter size-full wp-image-2569\" src=\"http:\/\/meier-gerdingh.de\/wp-spd-ob\/wp-content\/uploads\/postos_bahnhof_franz_muentefering.jpg\" alt=\"postos_bahnhof_franz_muentefering\" width=\"600\" height=\"400\" srcset=\"https:\/\/meier-gerdingh.de\/wp-spd-ob\/wp-content\/uploads\/postos_bahnhof_franz_muentefering.jpg 600w, https:\/\/meier-gerdingh.de\/wp-spd-ob\/wp-content\/uploads\/postos_bahnhof_franz_muentefering-300x200.jpg 300w\" sizes=\"(max-width: 600px) 100vw, 600px\" \/><\/a>Thema des unterhaltsamen Gespr\u00e4chs war die \u00e4lter werdende Gesellschaft. &#8222;Wir werden immer weniger, immer \u00e4lter und auch immer bunter&#8220;, sagte Tsalastras zu Beginn. &#8222;Immer mehr Kinder, die hier geboren werden, haben ihre Wurzeln in einem anderen Land. Das ist im Ruhrgebiet ganz selbstverst\u00e4ndlich.&#8220; Franz M\u00fcntefering betonte, dass es keinen Konflikt zwischen den Generationen gebe. &#8222;Wir m\u00fcssen daf\u00fcr sorgen, dass die vern\u00fcnftigen Jungen und die vern\u00fcnftigen Alten vern\u00fcnftige Politik machen.&#8220;<!--more--><\/p>\n<p>&#8222;Pflegen ist ein Beruf; das muss man k\u00f6nnen&#8220;, sagte der 75-J\u00e4hrige zu der Frage, ob man einen geliebten Angeh\u00f6rigen zu Hause pflegen sollte. &#8222;Macht euch nicht kaputt dabei!&#8220;, mahnte M\u00fcntefering, dies genau zu bedenken. Voraussetzung daf\u00fcr sei es zudem, die Wohnung altengerecht umzugestalten.<\/p>\n<p>Apostolos Tsalastras stimmte ihm zu: &#8222;Wir m\u00fcssen, da wo es geht, barrierefrei umbauen.&#8220; Er ist im Gespr\u00e4ch mit dem Bauministerium, um F\u00f6rderm\u00f6glichkeiten zu finden, damit die Menschen in ihrem Wohnviertel bleiben k\u00f6nnen. Wenn die Wohnung im dritten Stock nicht altengerecht gestaltet werden kann, g\u00e4be es vielleicht die M\u00f6glichkeit, einen Leerstand im Erdgeschoss barrierefrei auszubauen, nannte Tsalastras ein Beispiel. &#8222;Was f\u00fcr \u00c4ltere gut ist, ist f\u00fcr Familien oft genauso gut.&#8220;<\/p>\n<p>&#8222;Wir haben uns angew\u00f6hnt, dass man sich mit dem Renteneintrittsalter aus dem eigentlichen Leben verabschiedet&#8220;, beklagte Franz M\u00fcntefering. Das \u00e4ndere sich jetzt gl\u00fccklicherweise. &#8222;Das ganze Jahr Mallorca ist auch kein Urlaub mehr. Es kommt darauf an, dass man im Leben verhaftet bleibt. Wenn du morgens nicht aufstehen musst, wenn du nichts richtig und falsch machen kannst, dann ist das eine trostlose Kiste&#8220;, sagte &#8222;M\u00fcnte&#8220; bei Postos Bahnhof. Er appellierte an die vielen \u00c4lteren im Publikum, aktiv zu bleiben.<\/p>\n","protected":false},"excerpt":{"rendered":"<p>Thema des unterhaltsamen Gespr\u00e4chs war die \u00e4lter werdende Gesellschaft. &#8222;Wir werden immer weniger, immer \u00e4lter und auch immer bunter&#8220;, sagte Tsalastras zu Beginn. &#8222;Immer mehr Kinder, die hier geboren werden,&hellip; <\/p>\n","protected":false},"author":1,"featured_media":0,"comment_status":"closed","ping_status":"closed","sticky":false,"template":"","format":"standard","meta":{"footnotes":""},"categories":[171,178],"tags":[250,399,470,471,25,472,414,81,109],"quellen":[327],"class_list":["post-2572","post","type-post","status-publish","format-standard","hentry","category-veranstaltungen","category-wahlen","tag-apostolos-tsalastras","tag-barrierefreiheit","tag-franz-muentefering","tag-generationenpolitik","tag-oberbuergermeisterwahl-2015","tag-pflege","tag-postos-bahnhof","tag-senioren","tag-seniorengerechtes-wohnen","quellen-spd-unterbezirk-oberhausen"],"_links":{"self":[{"href":"https:\/\/meier-gerdingh.de\/wp-spd-ob\/wp-json\/wp\/v2\/posts\/2572","targetHints":{"allow":["GET"]}}],"collection":[{"href":"https:\/\/meier-gerdingh.de\/wp-spd-ob\/wp-json\/wp\/v2\/posts"}],"about":[{"href":"https:\/\/meier-gerdingh.de\/wp-spd-ob\/wp-json\/wp\/v2\/types\/post"}],"author":[{"embeddable":true,"href":"https:\/\/meier-gerdingh.de\/wp-spd-ob\/wp-json\/wp\/v2\/users\/1"}],"replies":[{"embeddable":true,"href":"https:\/\/meier-gerdingh.de\/wp-spd-ob\/wp-json\/wp\/v2\/comments?post=2572"}],"version-history":[{"count":0,"href":"https:\/\/meier-gerdingh.de\/wp-spd-ob\/wp-json\/wp\/v2\/posts\/2572\/revisions"}],"wp:attachment":[{"href":"https:\/\/meier-gerdingh.de\/wp-spd-ob\/wp-json\/wp\/v2\/media?parent=2572"}],"wp:term":[{"taxonomy":"category","embeddable":true,"href":"https:\/\/meier-gerdingh.de\/wp-spd-ob\/wp-json\/wp\/v2\/categories?post=2572"},{"taxonomy":"post_tag","embeddable":true,"href":"https:\/\/meier-gerdingh.de\/wp-spd-ob\/wp-json\/wp\/v2\/tags?post=2572"},{"taxonomy":"quellen","embeddable":true,"href":"https:\/\/meier-gerdingh.de\/wp-spd-ob\/wp-json\/wp\/v2\/quellen?post=2572"}],"curies":[{"name":"wp","href":"https:\/\/api.w.org\/{rel}","templated":true}]}}