{"id":2574,"date":"2015-08-21T14:36:38","date_gmt":"2015-08-21T12:36:38","guid":{"rendered":"http:\/\/www.meier-gerdingh.de\/spd-oberhausen\/wp\/?p=2574"},"modified":"2016-12-27T14:02:58","modified_gmt":"2016-12-27T13:02:58","slug":"neuer-supermarkt-wird-die-neumuehler-strasse-beleben","status":"publish","type":"post","link":"https:\/\/meier-gerdingh.de\/wp-spd-ob\/2015\/08\/21\/neuer-supermarkt-wird-die-neumuehler-strasse-beleben\/","title":{"rendered":"Neuer Supermarkt wird die Neum\u00fchler Stra\u00dfe beleben"},"content":{"rendered":"<div id=\"attachment_1359\" style=\"width: 150px\" class=\"wp-caption alignleft\"><a href=\"http:\/\/meier-gerdingh.de\/wp-spd-ob\/wp-content\/uploads\/flore_manfred_14.jpg\"><img aria-describedby=\"caption-attachment-1359\" decoding=\"async\" class=\"size-full wp-image-1359\" src=\"http:\/\/meier-gerdingh.de\/wp-spd-ob\/wp-content\/uploads\/flore_manfred_14.jpg\" alt=\"Manfred Flore ist umwelt- und kulturpolitischer Sprecher der SPD-Fraktion\" width=\"140\" height=\"169\" \/><\/a><p id=\"caption-attachment-1359\" class=\"wp-caption-text\">Manfred Flore ist umwelt- und kulturpolitischer Sprecher der SPD-Fraktion<\/p><\/div>\n<p>Gute Nachrichten gibt es f\u00fcr die Anwohner an der Neum\u00fchler Stra\u00dfe in Sterkrade. Nachdem der letzte Lebensmittelmarkt in diesem Gebiet vor kurzem geschlossen wurde, wird es bald wieder einen neuen Supermarkt an der Ecke Mecklenburger Stra\u00dfe \/ Neum\u00fchler Stra\u00dfe mit einem Vollsortiment geben. Die Abrissarbeiten auf der Fl\u00e4che sind bereits in vollem Gange. Freuen d\u00fcrfte das k\u00fcnftige Einkaufsangebot vor allem die Anwohner, die nicht oder nicht mehr so mobil sind. F\u00fcr sie werden die Wege zum Einkauf deutlich k\u00fcrzer. Der zust\u00e4ndige Stadtverordnete Manfred Flore (SPD) denkt hier vor allem an die \u00e4lteren Menschen und die Anwohner ohne Auto. Gerade f\u00fcr sie sei die Neuansiedlung eine sehr positive Entwicklung.<!--more--><\/p>\n<p>&#8222;Die Stadtmitte von Sterkrade mit dem Wochenmarkt und den vielen guten Einkaufsm\u00f6glichkeiten, ist f\u00fcr die Anwohner der Schwarzen Heide zwar nicht sehr weit entfernt, aber zurzeit leider nur durch den wenig attraktiven Bahnhofstunnel erreichbar. Viele B\u00fcrger nehmen diesen Weg vor allem bei Dunkelheit als Angstraum wahr. Auch das wollen wir im Rahmen der Bahnhofsumgestaltung verbessern&#8220;, so Manfred Flore.<\/p>\n<p>In den Planungen zum Betuwe-Ausbau wird bereits an einer L\u00f6sung f\u00fcr den Tunnel, aber auch an einer ver\u00e4nderte Wegef\u00fchrung f\u00fcr den Bus- und den Individualverkehr gearbeitet, so dass wieder mehr Kunden die L\u00e4den an der Neum\u00fchler Stra\u00dfe fu\u00dfl\u00e4ufig besuchen.<\/p>\n<p>&#8222;Die Stadtverwaltung best\u00e4tigte uns auf Nachfrage zwar den Bau des Lebensmittelmarktes, wir werden aber eine genauere Berichterstattung in der n\u00e4chsten Sitzung der Bezirksvertretung Sterkrade und im Planungsausschuss beantragen&#8220;, so Manfred Flore abschlie\u00dfend.<\/p>\n","protected":false},"excerpt":{"rendered":"<p>Gute Nachrichten gibt es f\u00fcr die Anwohner an der Neum\u00fchler Stra\u00dfe in Sterkrade. Nachdem der letzte Lebensmittelmarkt in diesem Gebiet vor kurzem geschlossen wurde, wird es bald wieder einen neuen&hellip; <\/p>\n","protected":false},"author":1,"featured_media":0,"comment_status":"closed","ping_status":"closed","sticky":false,"template":"","format":"standard","meta":{"footnotes":""},"categories":[167],"tags":[480,129,54,387,481,479,389,81,46],"quellen":[326],"class_list":["post-2574","post","type-post","status-publish","format-standard","hentry","category-stadtteile","tag-bahnhof-sterkrade","tag-betuwe-linie","tag-bezirksvertretung-sterkrade","tag-lebensmittelmaerkte","tag-mecklenburger-strasse","tag-neumuehler-strasse","tag-planungsausschuss","tag-senioren","tag-sterkrade","quellen-spd-fraktion-oberhausen"],"_links":{"self":[{"href":"https:\/\/meier-gerdingh.de\/wp-spd-ob\/wp-json\/wp\/v2\/posts\/2574","targetHints":{"allow":["GET"]}}],"collection":[{"href":"https:\/\/meier-gerdingh.de\/wp-spd-ob\/wp-json\/wp\/v2\/posts"}],"about":[{"href":"https:\/\/meier-gerdingh.de\/wp-spd-ob\/wp-json\/wp\/v2\/types\/post"}],"author":[{"embeddable":true,"href":"https:\/\/meier-gerdingh.de\/wp-spd-ob\/wp-json\/wp\/v2\/users\/1"}],"replies":[{"embeddable":true,"href":"https:\/\/meier-gerdingh.de\/wp-spd-ob\/wp-json\/wp\/v2\/comments?post=2574"}],"version-history":[{"count":0,"href":"https:\/\/meier-gerdingh.de\/wp-spd-ob\/wp-json\/wp\/v2\/posts\/2574\/revisions"}],"wp:attachment":[{"href":"https:\/\/meier-gerdingh.de\/wp-spd-ob\/wp-json\/wp\/v2\/media?parent=2574"}],"wp:term":[{"taxonomy":"category","embeddable":true,"href":"https:\/\/meier-gerdingh.de\/wp-spd-ob\/wp-json\/wp\/v2\/categories?post=2574"},{"taxonomy":"post_tag","embeddable":true,"href":"https:\/\/meier-gerdingh.de\/wp-spd-ob\/wp-json\/wp\/v2\/tags?post=2574"},{"taxonomy":"quellen","embeddable":true,"href":"https:\/\/meier-gerdingh.de\/wp-spd-ob\/wp-json\/wp\/v2\/quellen?post=2574"}],"curies":[{"name":"wp","href":"https:\/\/api.w.org\/{rel}","templated":true}]}}