{"id":2575,"date":"2015-08-24T14:41:30","date_gmt":"2015-08-24T12:41:30","guid":{"rendered":"http:\/\/www.meier-gerdingh.de\/spd-oberhausen\/wp\/?p=2575"},"modified":"2016-12-27T14:03:14","modified_gmt":"2016-12-27T13:03:14","slug":"genau-der-richtige-fuer-das-amt-des-oberbuergermeisters","status":"publish","type":"post","link":"https:\/\/meier-gerdingh.de\/wp-spd-ob\/2015\/08\/24\/genau-der-richtige-fuer-das-amt-des-oberbuergermeisters\/","title":{"rendered":"&#8222;Genau der Richtige f\u00fcr das Amt des Oberb\u00fcrgermeisters&#8220;"},"content":{"rendered":"<p><a href=\"http:\/\/meier-gerdingh.de\/wp-spd-ob\/wp-content\/uploads\/postos_bahnhof_baerbel_hoehn.jpg\"><img decoding=\"async\" class=\"aligncenter size-full wp-image-2568\" src=\"http:\/\/meier-gerdingh.de\/wp-spd-ob\/wp-content\/uploads\/postos_bahnhof_baerbel_hoehn.jpg\" alt=\"postos_bahnhof_baerbel_hoehn\" width=\"600\" height=\"400\" srcset=\"https:\/\/meier-gerdingh.de\/wp-spd-ob\/wp-content\/uploads\/postos_bahnhof_baerbel_hoehn.jpg 600w, https:\/\/meier-gerdingh.de\/wp-spd-ob\/wp-content\/uploads\/postos_bahnhof_baerbel_hoehn-300x200.jpg 300w\" sizes=\"(max-width: 600px) 100vw, 600px\" \/><\/a>&#8222;Eine lebenswerte Stadt Oberhausen muss das Ziel sein&#8220;, sagte B\u00e4rbel H\u00f6hn bei Postos Bahnhof. Vor vollem Haus betonte die prominente Gr\u00fcnen-Abgeordnete ihre Unterst\u00fctzung f\u00fcr Apostolos Tsalastras: &#8222;Ideen aufgreifen und das Beste aus der Situation zu machen: das passt zu Oberhausen.&#8220; H\u00f6hn zeigte sich davon \u00fcberzeugt, dass ein Mann, der sich mit Finanzen und Kultur gleicherma\u00dfen auskennt, genau der Richtige f\u00fcr das Amt des Oberb\u00fcrgermeisters sei.<!--more--><\/p>\n<p>Der Sozialdemokrat Apostolos Tsalastras und die Gr\u00fcne B\u00e4rbel H\u00f6hn betonten gro\u00dfe \u00dcbereinstimmung bei den Themen Stadtentwicklung und Umweltschutz. Dieses gute Verh\u00e4ltnis zwischen Rot und Gr\u00fcn habe es nicht immer gegeben, blickte B\u00e4rbel H\u00f6hn auf die Jahre zur\u00fcck, als sie mit ihrem politischen Engagement begonnen hat. Konflikte seien an der Tagesordnung gewesen, gerade in NRW, erinnerte sich die ehemalige Landesumweltministerin. Eine wohltuende Ausnahme sei Finanzminister Heinz Schleu\u00dfer gewesen, &#8222;mit ihm hatte ich eine faire Zusammenarbeit&#8220;, so H\u00f6hn.<\/p>\n<p>Schleu\u00dfer sei in dieser Hinsicht ein Vorbild f\u00fcr ihn, sagte Apostolos Tsalastras, der damals dessen Oberhausener B\u00fcro geleitet hat. Heinz Schleu\u00dfer habe f\u00fcr Verl\u00e4sslichkeit und einen fairen Umgang miteinander gestanden. &#8222;Dann kann man auch schwierige Dinge gemeinsam bewegen&#8220;, so Tsalastras, &#8222;das gilt nicht nur zwischen Rot und Gr\u00fcn, sondern auch in der Zusammenarbeit mit Verb\u00e4nden, Gewerkschaften und Unternehmern.&#8220;<\/p>\n<p>Dar\u00fcber hinaus setzt der Oberb\u00fcrgermeisterkandidat auf kreative Ideen und die Zusammenarbeit mit innovativen Wissenschaftlern. &#8222;Man muss mutig sein, und mal ganz neue Dinge anpacken&#8220;, wies Apostolos Tsalastras auf den Dachgarten hin, der auf dem neuen Jobcenter entstehen wird. Er sei gl\u00fccklich dar\u00fcber, f\u00fcr dieses Projekt mit dem Fraunhofer Umsicht-Institut einen Partner in Oberhausen gefunden zu haben. &#8222;Da entsteht nicht nur ein Garten, sondern auch das Klima im Haus wird reguliert, und die W\u00e4rme des Hauses wird f\u00fcr das Dach genutzt.&#8220; Je mehr Gr\u00fcn in der Stadt ist, desto angenehmer werde die durch den Klimawandel hervorgerufene Hitze auszuhalten sein, unterstrich B\u00e4rbel H\u00f6hn, die dem Umweltausschuss im Bundestag vorsitzt.<\/p>\n<p>Klimapolitik hat aus H\u00f6hns Sicht auch etwas mit Wirtschaftsf\u00f6rderung zu tun. &#8222;Insbesondere klein- und mittelst\u00e4ndische Betriebe m\u00fcssen gest\u00e4rkt werden, weil die hier ihre Steuern bezahlen. Die digitale Revolution wird viel ver\u00e4ndern. Die jungen Leute haben viel seltener ein Auto, weil sie nicht am Besitz interessiert sind, sondern an der Dienstleistung: ich will von A nach B&#8220;, sagte B\u00e4rbel H\u00f6hn. Apostolos Tsalastras stimmte ihr zu: &#8222;Da entstehen ungeahnte M\u00f6glichkeiten f\u00fcr die \u00f6rtliche Wirtschaft und f\u00fcr neue Arbeitspl\u00e4tze.&#8220; Er m\u00f6chte als Oberb\u00fcrgermeister daf\u00fcr sorgen, dass Oberhausen von solchen Entwicklungen profitiert.<\/p>\n","protected":false},"excerpt":{"rendered":"<p>&#8222;Eine lebenswerte Stadt Oberhausen muss das Ziel sein&#8220;, sagte B\u00e4rbel H\u00f6hn bei Postos Bahnhof. Vor vollem Haus betonte die prominente Gr\u00fcnen-Abgeordnete ihre Unterst\u00fctzung f\u00fcr Apostolos Tsalastras: &#8222;Ideen aufgreifen und das&hellip; <\/p>\n","protected":false},"author":1,"featured_media":0,"comment_status":"closed","ping_status":"closed","sticky":false,"template":"","format":"standard","meta":{"footnotes":""},"categories":[171,178],"tags":[482,485,486,483,484,25,414,487,15],"quellen":[327],"class_list":["post-2575","post","type-post","status-publish","format-standard","hentry","category-veranstaltungen","category-wahlen","tag-baerbel-hoehn","tag-dachgarten-jobcenter","tag-fraunhofer-institut-umsicht","tag-heinz-schleusser","tag-klimaschutz","tag-oberbuergermeisterwahl-2015","tag-postos-bahnhof","tag-umweltschutz","tag-wirtschaftsfoerderung","quellen-spd-unterbezirk-oberhausen"],"_links":{"self":[{"href":"https:\/\/meier-gerdingh.de\/wp-spd-ob\/wp-json\/wp\/v2\/posts\/2575","targetHints":{"allow":["GET"]}}],"collection":[{"href":"https:\/\/meier-gerdingh.de\/wp-spd-ob\/wp-json\/wp\/v2\/posts"}],"about":[{"href":"https:\/\/meier-gerdingh.de\/wp-spd-ob\/wp-json\/wp\/v2\/types\/post"}],"author":[{"embeddable":true,"href":"https:\/\/meier-gerdingh.de\/wp-spd-ob\/wp-json\/wp\/v2\/users\/1"}],"replies":[{"embeddable":true,"href":"https:\/\/meier-gerdingh.de\/wp-spd-ob\/wp-json\/wp\/v2\/comments?post=2575"}],"version-history":[{"count":0,"href":"https:\/\/meier-gerdingh.de\/wp-spd-ob\/wp-json\/wp\/v2\/posts\/2575\/revisions"}],"wp:attachment":[{"href":"https:\/\/meier-gerdingh.de\/wp-spd-ob\/wp-json\/wp\/v2\/media?parent=2575"}],"wp:term":[{"taxonomy":"category","embeddable":true,"href":"https:\/\/meier-gerdingh.de\/wp-spd-ob\/wp-json\/wp\/v2\/categories?post=2575"},{"taxonomy":"post_tag","embeddable":true,"href":"https:\/\/meier-gerdingh.de\/wp-spd-ob\/wp-json\/wp\/v2\/tags?post=2575"},{"taxonomy":"quellen","embeddable":true,"href":"https:\/\/meier-gerdingh.de\/wp-spd-ob\/wp-json\/wp\/v2\/quellen?post=2575"}],"curies":[{"name":"wp","href":"https:\/\/api.w.org\/{rel}","templated":true}]}}