{"id":2576,"date":"2015-08-24T14:45:20","date_gmt":"2015-08-24T12:45:20","guid":{"rendered":"http:\/\/www.meier-gerdingh.de\/spd-oberhausen\/wp\/?p=2576"},"modified":"2016-12-27T14:04:02","modified_gmt":"2016-12-27T13:04:02","slug":"spd-oberhausen-feiert-sommerfest-im-kaisergarten","status":"publish","type":"post","link":"https:\/\/meier-gerdingh.de\/wp-spd-ob\/2015\/08\/24\/spd-oberhausen-feiert-sommerfest-im-kaisergarten\/","title":{"rendered":"SPD Oberhausen feiert Sommerfest im Kaisergarten"},"content":{"rendered":"<p><a href=\"http:\/\/meier-gerdingh.de\/wp-spd-ob\/wp-content\/uploads\/banner_spd_sommerfest_2015.png\"><img decoding=\"async\" class=\"aligncenter size-full wp-image-2577\" src=\"http:\/\/meier-gerdingh.de\/wp-spd-ob\/wp-content\/uploads\/banner_spd_sommerfest_2015.png\" alt=\"banner_spd_sommerfest_2015\" width=\"600\" height=\"617\" srcset=\"https:\/\/meier-gerdingh.de\/wp-spd-ob\/wp-content\/uploads\/banner_spd_sommerfest_2015.png 600w, https:\/\/meier-gerdingh.de\/wp-spd-ob\/wp-content\/uploads\/banner_spd_sommerfest_2015-292x300.png 292w\" sizes=\"(max-width: 600px) 100vw, 600px\" \/><\/a><em>Es ist wieder so weit: Am Sonntag, 30. August, feiern wir wieder unser Sommer- und Familienfest. Sieben Stunden Show und Unterhaltung erwarten die Besucher des traditionsreichsten Oberhausener Sommerfestes.<\/em><\/p>\n<p>Um 11.00 Uhr beginnt zum 36. Mal das gro\u00dfe SPD-Sommerfest im Kaisergarten. Neben kulinarischen K\u00f6stlichkeiten aus aller Herren L\u00e4nder d\u00fcrfen sich die Besucher auf ein gro\u00dfartiges Unterhaltungs- und B\u00fchnenprogramm sowie auf Spiel, Spa\u00df, Sport und Spannung freuen. Hierzu der Vorsitzende der Oberhausener SPD, Michael Groschek: &#8222;Wir m\u00f6chten am Sonntag bei einem vollem Programm und vielen Attraktionen mit den Oberhausenerinnen und Oberhausener sowie G\u00e4sten aus der Region im Kaisergarten feiern. Wir hoffen, dass auch das Wetter wieder mitspielen wird.&#8220;<!--more--><\/p>\n<p>Ganz besonders freut sich auch der Oberb\u00fcrgermeisterkandidat Apostolos &#8222;Posto&#8220; Tsalastras auf das Fest. &#8222;Ich bin gespannt auf viele gute Gespr\u00e4che mit den B\u00fcrgerinnen und B\u00fcrgern an einem der sch\u00f6nsten Orte in Oberhausen, dem Kaisergarten.<\/p>\n<p>Zum musikalischen Auftakt spielt das Tambourcorps &#8222;Rheinkl\u00e4nge 1922 e.V.&#8220;. Es folgt ein abwechslungsreiches Programm mit sportlichen, akrobatischen und t\u00e4nzerischen Einlagen.<\/p>\n<p>F\u00fcr das sportliche Element sorgt die Hip Hop Streetdance und Zumba Gruppe X-Minds, die Kunstradfahrer des Rad- und Sportvereins Adler 1914 sowie die Karatevorf\u00fchrung des Budo-Sport-Centers.<\/p>\n<p>Ebenso freuen wir uns auf die Vorf\u00fchrung der Zirkusschule TC 69 Oberhausen.<\/p>\n<p>Augen- und Ohrenschmaus bieten auch die vielf\u00e4ltigen Tanzdarbietungen z.B. der Showtanz der KG Blauen Funken, der Gro\u00df Oberhausener Karnevalsgesellschaft mit Tanzmariechen Fabienne, die Tanzvorf\u00fchrung des TSK Schwarz-Gold Oberhausen, der KG Die M\u00fcllschlucker, der KG Dampf Drauf, die inklusive Tanzgarde der Alstadener B\u00e4ren sowie der Auftritt der 1. Oberhausener Cheer- und Dance e.V.<\/p>\n<p>Ebenso wird das Prinzenteam Thomas I vorgestellt.<\/p>\n<p>F\u00fcr die Musik sorgt in diesem Jahr wieder DJ Wolfgang Werntgen mit seinen Gesangsauftritten als &#8222;Mark Merz&#8220;.<\/p>\n<p>Auch die Basketballer von NBO werden auf der B\u00fchne erwartet.<\/p>\n<p>Unser Oberb\u00fcrgermeisterkandidat Apostolos &#8222;Posto&#8220; Tsalastras wird bei seinen Talkrunden auf der B\u00fchne B\u00e4rbel H\u00f6hn, Oberhausener Bundestagsabgeordnete &#8222;Die Gr\u00fcnen&#8220;, und Jens Geier, Mitglied des Europ\u00e4ischen Parlaments, begr\u00fc\u00dfen.<\/p>\n<p>Wer nicht nur Unterhaltung sucht, wird beim SPD-Sommerfest nicht entt\u00e4uscht:<\/p>\n<p>Viele Informations- und Aktionsst\u00e4nde von Vereinen, Verb\u00e4nden und gesellschaftlichen Gruppen erwarten die Besucher. Das Technische Hilfswerk, die Abfallberatung, das Ambulante Hospiz, die Arbeiterwohlfahrt, der AsB, die Alevitische Gemeinde, das Deutsche Rote Kreuz, das Kultur- und Bildungszentrum, der Kreisverband der Kleing\u00e4rtner, die Caritas, die Johanniter Unfallhilfe, die IG-Metall-Senioren, die Ludwig Galerie Oberhausen, das Netzwerk Demenz, Pro Familia, die Lebenshilfe, die Freiwillige Feuerwehr oder das Zentrum f\u00fcr Ausbildung und Qualifikation ZAQ, der CVJM, der Tierschutzverein, die STOAG Oberhausen, das Theater Oberhausen, die Oberhausener Tafel, die 1. KG-Narrenzunft, die 1. Oberhausener Cheer- und Dance sowie der Stand des TSK Schwarz Gold Oberhausen pr\u00e4sentieren sich und ihre Programme und geben interessante Einblicke in ihre Arbeit. Auch der Showbus des Niebhuhrg Musical Theaters und das Life Line Mobel sind wieder mit dabei.<\/p>\n<p>Im Mittelpunkt aber, wie sich das f\u00fcr ein Sommerfest geh\u00f6rt, stehen die Kinder. Die kleinen G\u00e4ste kommen auf der gro\u00dfen Wiese vor dem Kaisergartensee wieder voll auf ihre Kosten: Kraxeln an der Kletterwand des Life-Line-Mobils, Kinderkarussell, Kinderspiele der Falken und Kurt-L\u00f6wensteinvereinigung, \u00fcberall ist auch f\u00fcr die J\u00fcngsten was los. H\u00fcpfburg, Luftballons und Seifenblasen sowie das beliebte Gl\u00fccksrad mit zahlreichen Gewinnm\u00f6glichkeiten warten. Das eine oder andere Schn\u00e4ppchen sollte sich auch auf dem gro\u00dfen Tr\u00f6delmarkt rund um den See machen lassen.<\/p>\n<p>Auch wenn ein Sommerfest in erster Linie zum Feiern einl\u00e4dt, stehen nat\u00fcrlich auch die Politikerinnen und Politiker vor Ort zu Gespr\u00e4chen bereit: Unser Oberb\u00fcrgermeister Klaus Wehling, die Landtagsabgeordneten Wolfgang Gro\u00dfe-Br\u00f6mer und Stefan Zimkeit, Jens Geier MdEP sowie unser Bundestagsabgeordneter Dirk V\u00f6pel. Auch die Oberhausener Stadtverordneten sind mit von der Partie und stehen zum Gespr\u00e4ch bereit. Und ohne die zahlreichen Mitglieder aus den SPD-Ortsvereinen und Arbeitsgemeinschaften k\u00f6nnte das gro\u00dfe Sommerfest gar nicht stattfinden. Sie sorgen an vielen St\u00e4nden f\u00fcr das leibliche Wohl der G\u00e4ste.<\/p>\n<p><strong>Tipps zur Anreise:<\/strong><\/p>\n<p>Eine Fahrradwache steht am Eingang zum Fest zur Verf\u00fcgung, deshalb: Auto daheim lassen und eine Radtour in den Kaisergarten entlang des Gr\u00fcnen Pfads vorbei am Gasometer unternehmen \u2013 eine runde Sache! Oder mit dem \u00d6PNV ab Hauptbahnhof Oberhausen (Linie 956 und 966 -st\u00fcndlich) bis zum Schloss Oberhausen fahren. Mit dem PKW bitte die Parkm\u00f6glichkeiten im Gewerbegebiet am Kaisergarten &#8222;Max-Planck-Ring&#8220; und im &#8222;Lipperfeld&#8220; nutzen. Ebenfalls kann im Parkhaus 8 am CentrO geparkt werden. Wir bitten die Besucherinnen und Besucher darauf zu achten, dass die ausgeschilderten Parkpl\u00e4tze rund um den Kaisergarten geb\u00fchrenpflichtig sind.<\/p>\n","protected":false},"excerpt":{"rendered":"<p>Es ist wieder so weit: Am Sonntag, 30. August, feiern wir wieder unser Sommer- und Familienfest. Sieben Stunden Show und Unterhaltung erwarten die Besucher des traditionsreichsten Oberhausener Sommerfestes. Um 11.00&hellip; <\/p>\n","protected":false},"author":1,"featured_media":0,"comment_status":"closed","ping_status":"closed","sticky":false,"template":"","format":"standard","meta":{"footnotes":""},"categories":[173,171],"tags":[22,86],"quellen":[327],"class_list":["post-2576","post","type-post","status-publish","format-standard","hentry","category-parteileben","category-veranstaltungen","tag-kaisergarten","tag-spd-familienfest","quellen-spd-unterbezirk-oberhausen"],"_links":{"self":[{"href":"https:\/\/meier-gerdingh.de\/wp-spd-ob\/wp-json\/wp\/v2\/posts\/2576","targetHints":{"allow":["GET"]}}],"collection":[{"href":"https:\/\/meier-gerdingh.de\/wp-spd-ob\/wp-json\/wp\/v2\/posts"}],"about":[{"href":"https:\/\/meier-gerdingh.de\/wp-spd-ob\/wp-json\/wp\/v2\/types\/post"}],"author":[{"embeddable":true,"href":"https:\/\/meier-gerdingh.de\/wp-spd-ob\/wp-json\/wp\/v2\/users\/1"}],"replies":[{"embeddable":true,"href":"https:\/\/meier-gerdingh.de\/wp-spd-ob\/wp-json\/wp\/v2\/comments?post=2576"}],"version-history":[{"count":0,"href":"https:\/\/meier-gerdingh.de\/wp-spd-ob\/wp-json\/wp\/v2\/posts\/2576\/revisions"}],"wp:attachment":[{"href":"https:\/\/meier-gerdingh.de\/wp-spd-ob\/wp-json\/wp\/v2\/media?parent=2576"}],"wp:term":[{"taxonomy":"category","embeddable":true,"href":"https:\/\/meier-gerdingh.de\/wp-spd-ob\/wp-json\/wp\/v2\/categories?post=2576"},{"taxonomy":"post_tag","embeddable":true,"href":"https:\/\/meier-gerdingh.de\/wp-spd-ob\/wp-json\/wp\/v2\/tags?post=2576"},{"taxonomy":"quellen","embeddable":true,"href":"https:\/\/meier-gerdingh.de\/wp-spd-ob\/wp-json\/wp\/v2\/quellen?post=2576"}],"curies":[{"name":"wp","href":"https:\/\/api.w.org\/{rel}","templated":true}]}}