{"id":2579,"date":"2015-08-28T15:02:34","date_gmt":"2015-08-28T13:02:34","guid":{"rendered":"http:\/\/www.meier-gerdingh.de\/spd-oberhausen\/wp\/?p=2579"},"modified":"2016-12-27T14:04:31","modified_gmt":"2016-12-27T13:04:31","slug":"spd-oberhausen-bezieht-klar-stellung-zu-vorfaellen-vor-der-fluechtlingsunterkunft-in-der-ehemaligen-stoetznerschule-am-27-08-15","status":"publish","type":"post","link":"https:\/\/meier-gerdingh.de\/wp-spd-ob\/2015\/08\/28\/spd-oberhausen-bezieht-klar-stellung-zu-vorfaellen-vor-der-fluechtlingsunterkunft-in-der-ehemaligen-stoetznerschule-am-27-08-15\/","title":{"rendered":"SPD Oberhausen bezieht klar Stellung"},"content":{"rendered":"<div id=\"attachment_1399\" style=\"width: 150px\" class=\"wp-caption alignleft\"><a href=\"http:\/\/meier-gerdingh.de\/wp-spd-ob\/wp-content\/uploads\/groschek_michael_09.jpg\"><img aria-describedby=\"caption-attachment-1399\" decoding=\"async\" class=\"size-full wp-image-1399\" src=\"http:\/\/meier-gerdingh.de\/wp-spd-ob\/wp-content\/uploads\/groschek_michael_09.jpg\" alt=\"Michael Groschek ist Vorsitzender der Oberhausener SPD\" width=\"140\" height=\"186\" \/><\/a><p id=\"caption-attachment-1399\" class=\"wp-caption-text\">Michael Groschek ist Vorsitzender der Oberhausener SPD<\/p><\/div>\n<p>&#8222;So ein Vorfall wie gestern Nacht in der N\u00e4he der Fl\u00fcchtlingsunterkunft in der ehemaligen St\u00f6tznerschule passt nicht zu Oberhausen. Wir verurteilen solches Verhalten aufs Sch\u00e4rfste&#8220;, so Michael Groschek, Vorsitzender der SPD Oberhausen. Dank gilt den Einsatzkr\u00e4ften der Polizei, die schnell eingegriffen und den B\u00fcrgern, die zuvor die Umtriebe gemeldet haben. &#8222;Ohne Einwanderung kein Oberhausen \u2013 ohne Einwanderung kein Wirtschaftswunder. Zu Zeiten von Kohle und Stahl kam halb Europa zu uns. Sp\u00e4ter in Zeiten des Kosovo-Krieges zeigten wir uns solidarisch mit den Fl\u00fcchtlingen. Und auch heute in Zeiten vieler Krisenherde auf der ganzen Welt steht Oberhausen zusammen und hei\u00dft vor Not und Krieg fliehende Menschen willkommen.&#8220;<\/p>\n","protected":false},"excerpt":{"rendered":"<p>&#8222;So ein Vorfall wie gestern Nacht in der N\u00e4he der Fl\u00fcchtlingsunterkunft in der ehemaligen St\u00f6tznerschule passt nicht zu Oberhausen. Wir verurteilen solches Verhalten aufs Sch\u00e4rfste&#8220;, so Michael Groschek, Vorsitzender der&hellip; <\/p>\n","protected":false},"author":1,"featured_media":0,"comment_status":"closed","ping_status":"closed","sticky":false,"template":"","format":"standard","meta":{"footnotes":""},"categories":[404],"tags":[209,491,492],"quellen":[327],"class_list":["post-2579","post","type-post","status-publish","format-standard","hentry","category-gemeinsam-gegen-rechts","tag-fluechtlinge","tag-fluechtlingsunterkuenfte","tag-stoetznerschule","quellen-spd-unterbezirk-oberhausen"],"_links":{"self":[{"href":"https:\/\/meier-gerdingh.de\/wp-spd-ob\/wp-json\/wp\/v2\/posts\/2579","targetHints":{"allow":["GET"]}}],"collection":[{"href":"https:\/\/meier-gerdingh.de\/wp-spd-ob\/wp-json\/wp\/v2\/posts"}],"about":[{"href":"https:\/\/meier-gerdingh.de\/wp-spd-ob\/wp-json\/wp\/v2\/types\/post"}],"author":[{"embeddable":true,"href":"https:\/\/meier-gerdingh.de\/wp-spd-ob\/wp-json\/wp\/v2\/users\/1"}],"replies":[{"embeddable":true,"href":"https:\/\/meier-gerdingh.de\/wp-spd-ob\/wp-json\/wp\/v2\/comments?post=2579"}],"version-history":[{"count":0,"href":"https:\/\/meier-gerdingh.de\/wp-spd-ob\/wp-json\/wp\/v2\/posts\/2579\/revisions"}],"wp:attachment":[{"href":"https:\/\/meier-gerdingh.de\/wp-spd-ob\/wp-json\/wp\/v2\/media?parent=2579"}],"wp:term":[{"taxonomy":"category","embeddable":true,"href":"https:\/\/meier-gerdingh.de\/wp-spd-ob\/wp-json\/wp\/v2\/categories?post=2579"},{"taxonomy":"post_tag","embeddable":true,"href":"https:\/\/meier-gerdingh.de\/wp-spd-ob\/wp-json\/wp\/v2\/tags?post=2579"},{"taxonomy":"quellen","embeddable":true,"href":"https:\/\/meier-gerdingh.de\/wp-spd-ob\/wp-json\/wp\/v2\/quellen?post=2579"}],"curies":[{"name":"wp","href":"https:\/\/api.w.org\/{rel}","templated":true}]}}