{"id":2582,"date":"2015-09-15T15:11:23","date_gmt":"2015-09-15T13:11:23","guid":{"rendered":"http:\/\/www.meier-gerdingh.de\/spd-oberhausen\/wp\/?p=2582"},"modified":"2015-09-27T15:14:00","modified_gmt":"2015-09-27T13:14:00","slug":"cdu-duckt-beim-thema-fluechtlinge-weg","status":"publish","type":"post","link":"https:\/\/meier-gerdingh.de\/wp-spd-ob\/2015\/09\/15\/cdu-duckt-beim-thema-fluechtlinge-weg\/","title":{"rendered":"CDU duckt sich beim Thema Fl\u00fcchtlinge weg"},"content":{"rendered":"<p><div id=\"attachment_1481\" style=\"width: 150px\" class=\"wp-caption alignleft\"><a href=\"http:\/\/meier-gerdingh.de\/wp-spd-ob\/wp-content\/uploads\/krey_thomas_14.jpg\"><img aria-describedby=\"caption-attachment-1481\" decoding=\"async\" src=\"http:\/\/meier-gerdingh.de\/wp-spd-ob\/wp-content\/uploads\/krey_thomas_14.jpg\" alt=\"Thomas Krey: Vorsitzender der SPD Osterfeld und Bezirksb\u00fcrgermeister von Osterfeld\" width=\"140\" height=\"169\" class=\"size-full wp-image-1481\" \/><\/a><p id=\"caption-attachment-1481\" class=\"wp-caption-text\">Thomas Krey: Vorsitzender der SPD Osterfeld und Bezirksb\u00fcrgermeister von Osterfeld<\/p><\/div>Mit viel Zeit und intensiven Diskussionen setzten sich fast alle Stadtverordneten in der Ratssitzung am Montag mit dem Thema Fl\u00fcchtlinge in Oberhausen auseinander. Einzig die LINKE verweigerte sich der Diskussion. Auch die CDU brachte zahlreiche \u00c4nderungsvorschl\u00e4ge zum Antrag von SPD, Gr\u00fcnen und FDP bzw. zur Verwaltungsvorlage zum Fl\u00fcchtlingskonzept ein. Fast alle \u00c4nderungsvorschl\u00e4ge, die aus den Reihen des k\u00fcnftigen Oberb\u00fcrgermeisters kamen, wurden im Rahmen der Beratungen aufgenommen bzw. einigten sich die Fraktionen auf Kompromissformulierungen. Trotzdem erteilte die CDU dem Gesamtpapier am Ende keine Zustimmung, sondern enthielt sich nach Vorgabe von noch Fraktionschef Daniel Schranz der Stimme.<!--more--><\/p>\n<p>&#8222;Mich \u00e4rgert das Demokratieverst\u00e4ndnis der CDU beim Thema Fl\u00fcchtlingskonzept ma\u00dflos. Obwohl wir bei allen Punkten nach Kompromissen zwischen Koalition und CDU gesucht und diese auch gefunden haben, enth\u00e4lt sich die CDU am Ende. Was soll das hei\u00dfen? Die CDU m\u00f6chte \u00fcberall mitreden, aber nicht Verantwortung \u00fcbernehmen? Soll das die k\u00fcnftige Linie eines OB Schranz sein \u2013 \u00fcberall dabei, aber niemals klare Kante zeigen, wenn es um Entscheidungen geht?&#8220; fragt sich der SPD-Stadtverordnete und Osterfelder Bezirksb\u00fcrgermeister Thomas Krey. &#8222;Ich kann nicht verstehen wie die CDU nicht in der Lage sein kann ein Thema zu entscheiden, mit dem sie sich seit mindestens einem Monat auseinandersetzt und sogar eigene \u00c4nderungsvorschl\u00e4ge formuliert hat.&#8220;<\/p>\n<p>Das Thema Fl\u00fcchtlingskonzept hat nach Ansicht der Sozialdemokraten vor allem eines verdeutlicht: Daniel Schranz hat bereits bei der ersten wichtigen Abstimmung nach der Wahl weder einen Moderationserfolg in einem Sachthema, noch einen Mehrheitserfolg vorweisen k\u00f6nnen.<\/p>\n","protected":false},"excerpt":{"rendered":"<p>Mit viel Zeit und intensiven Diskussionen setzten sich fast alle Stadtverordneten in der Ratssitzung am Montag mit dem Thema Fl\u00fcchtlinge in Oberhausen auseinander. Einzig die LINKE verweigerte sich der Diskussion.&hellip; <\/p>\n","protected":false},"author":1,"featured_media":0,"comment_status":"closed","ping_status":"closed","sticky":false,"template":"","format":"standard","meta":{"footnotes":""},"categories":[61],"tags":[493,209,242,497],"quellen":[326],"class_list":["post-2582","post","type-post","status-publish","format-standard","hentry","category-integration","tag-daniel-schranz","tag-fluechtlinge","tag-fluechtlingshilfe","tag-fluechtlingskonzept","quellen-spd-fraktion-oberhausen"],"_links":{"self":[{"href":"https:\/\/meier-gerdingh.de\/wp-spd-ob\/wp-json\/wp\/v2\/posts\/2582","targetHints":{"allow":["GET"]}}],"collection":[{"href":"https:\/\/meier-gerdingh.de\/wp-spd-ob\/wp-json\/wp\/v2\/posts"}],"about":[{"href":"https:\/\/meier-gerdingh.de\/wp-spd-ob\/wp-json\/wp\/v2\/types\/post"}],"author":[{"embeddable":true,"href":"https:\/\/meier-gerdingh.de\/wp-spd-ob\/wp-json\/wp\/v2\/users\/1"}],"replies":[{"embeddable":true,"href":"https:\/\/meier-gerdingh.de\/wp-spd-ob\/wp-json\/wp\/v2\/comments?post=2582"}],"version-history":[{"count":0,"href":"https:\/\/meier-gerdingh.de\/wp-spd-ob\/wp-json\/wp\/v2\/posts\/2582\/revisions"}],"wp:attachment":[{"href":"https:\/\/meier-gerdingh.de\/wp-spd-ob\/wp-json\/wp\/v2\/media?parent=2582"}],"wp:term":[{"taxonomy":"category","embeddable":true,"href":"https:\/\/meier-gerdingh.de\/wp-spd-ob\/wp-json\/wp\/v2\/categories?post=2582"},{"taxonomy":"post_tag","embeddable":true,"href":"https:\/\/meier-gerdingh.de\/wp-spd-ob\/wp-json\/wp\/v2\/tags?post=2582"},{"taxonomy":"quellen","embeddable":true,"href":"https:\/\/meier-gerdingh.de\/wp-spd-ob\/wp-json\/wp\/v2\/quellen?post=2582"}],"curies":[{"name":"wp","href":"https:\/\/api.w.org\/{rel}","templated":true}]}}