{"id":260,"date":"2003-06-17T16:00:00","date_gmt":"2003-06-17T14:00:00","guid":{"rendered":"http:\/\/www.meier-gerdingh.de\/spd-oberhausen\/wp\/?p=260"},"modified":"2017-05-02T17:46:12","modified_gmt":"2017-05-02T15:46:12","slug":"spd-osterfeld-im-europaeischen-parlament","status":"publish","type":"post","link":"https:\/\/meier-gerdingh.de\/wp-spd-ob\/2003\/06\/17\/spd-osterfeld-im-europaeischen-parlament\/","title":{"rendered":"SPD-Osterfeld im Europ\u00e4ischen Parlament"},"content":{"rendered":"<p><a href=\"http:\/\/meier-gerdingh.de\/wp-spd-ob\/wp-content\/uploads\/bruessel.jpg\"><img decoding=\"async\" class=\"size-full alignleft\" src=\"http:\/\/meier-gerdingh.de\/wp-spd-ob\/wp-content\/uploads\/bruessel.jpg\" alt=\"\" width=\"130\" height=\"98\" \/><\/a>Auf Einladung des f\u00fcr Oberhausen zust\u00e4ndigen Europaabgeordneten Dr. Klaus H\u00e4nsch besuchten 42 Mitglieder des SPD-Ortsvereins Oberhausen-Osterfeld das Europ\u00e4ische Parlament in Br\u00fcssel. Klaus H\u00e4nsch ist der einzige Deutsche im zw\u00f6lfk\u00f6pfigen Pr\u00e4sidium des Konvents zur Zukunft Europas, das die k\u00fcnftige europ\u00e4ische Verfassung schreibt.<!--more--><\/p>\n<p>Leider war er wegen einer Sitzung des Konventspr\u00e4sidiums daran gehindert, die Gruppe selbst zu begr\u00fc\u00dfen. Nach einem Rundgang durch das Europ\u00e4ische Parlament hatten die G\u00e4ste die Gelegenheit zum Gespr\u00e4ch mit dem deutschen SPD-Europaabgeordneten Helmut Kuhne, der Mitglied im Ausschuss f\u00fcr Haushaltskontrolle des Europ\u00e4ischen Parlaments und stellvertretender Vorsitzender der Delegation f\u00fcr die Beziehungen zu der Parlamentarischen Versammlung der NATO ist.<\/p>\n<p>Auf der Besuchertrib\u00fcne des Plenarsaals informierte der Assistent von Klaus H\u00e4nsch, Vladimir Zizka, die Besuchergruppe \u00fcber die Arbeitsweise des Europ\u00e4ischen Parlaments. Er erl\u00e4uterte, wie es in elf Sprachen diskutiert und trotzdem funktioniert. Eine Stadtrundfahrt sowie eine F\u00fchrung durch die Br\u00fcsseler Altstadt mit einem belgischen Mittagessen rundeten die gelungenen Tagesfahrt ab.<\/p>\n<p>Fotos von Klaus H\u00e4nsch und n\u00e4here Informationen zum Konvent finden Sie auf seiner Internetseite<\/p>\n<p><a class=\"normal\" href=\"http:\/\/www.klaus-haensch.de\" target=\"_blank\" rel=\"noopener noreferrer\">www.klaus-haensch.de<\/a><\/p>\n","protected":false},"excerpt":{"rendered":"<p>Auf Einladung des f\u00fcr Oberhausen zust\u00e4ndigen Europaabgeordneten Dr. Klaus H\u00e4nsch besuchten 42 Mitglieder des SPD-Ortsvereins Oberhausen-Osterfeld das Europ\u00e4ische Parlament in Br\u00fcssel. Klaus H\u00e4nsch ist der einzige Deutsche im zw\u00f6lfk\u00f6pfigen Pr\u00e4sidium&hellip; <\/p>\n","protected":false},"author":1,"featured_media":0,"comment_status":"closed","ping_status":"closed","sticky":false,"template":"","format":"standard","meta":{"footnotes":""},"categories":[1],"tags":[],"quellen":[],"class_list":["post-260","post","type-post","status-publish","format-standard","hentry","category-allgemein"],"_links":{"self":[{"href":"https:\/\/meier-gerdingh.de\/wp-spd-ob\/wp-json\/wp\/v2\/posts\/260","targetHints":{"allow":["GET"]}}],"collection":[{"href":"https:\/\/meier-gerdingh.de\/wp-spd-ob\/wp-json\/wp\/v2\/posts"}],"about":[{"href":"https:\/\/meier-gerdingh.de\/wp-spd-ob\/wp-json\/wp\/v2\/types\/post"}],"author":[{"embeddable":true,"href":"https:\/\/meier-gerdingh.de\/wp-spd-ob\/wp-json\/wp\/v2\/users\/1"}],"replies":[{"embeddable":true,"href":"https:\/\/meier-gerdingh.de\/wp-spd-ob\/wp-json\/wp\/v2\/comments?post=260"}],"version-history":[{"count":0,"href":"https:\/\/meier-gerdingh.de\/wp-spd-ob\/wp-json\/wp\/v2\/posts\/260\/revisions"}],"wp:attachment":[{"href":"https:\/\/meier-gerdingh.de\/wp-spd-ob\/wp-json\/wp\/v2\/media?parent=260"}],"wp:term":[{"taxonomy":"category","embeddable":true,"href":"https:\/\/meier-gerdingh.de\/wp-spd-ob\/wp-json\/wp\/v2\/categories?post=260"},{"taxonomy":"post_tag","embeddable":true,"href":"https:\/\/meier-gerdingh.de\/wp-spd-ob\/wp-json\/wp\/v2\/tags?post=260"},{"taxonomy":"quellen","embeddable":true,"href":"https:\/\/meier-gerdingh.de\/wp-spd-ob\/wp-json\/wp\/v2\/quellen?post=260"}],"curies":[{"name":"wp","href":"https:\/\/api.w.org\/{rel}","templated":true}]}}