{"id":261,"date":"2003-06-27T16:00:00","date_gmt":"2003-06-27T14:00:00","guid":{"rendered":"http:\/\/www.meier-gerdingh.de\/spd-oberhausen\/wp\/?p=261"},"modified":"2017-05-02T17:14:08","modified_gmt":"2017-05-02T15:14:08","slug":"verlagerung-der-maurer-fachklasse-ueberpruefen","status":"publish","type":"post","link":"https:\/\/meier-gerdingh.de\/wp-spd-ob\/2003\/06\/27\/verlagerung-der-maurer-fachklasse-ueberpruefen\/","title":{"rendered":"Verlagerung der Maurer-Fachklasse \u00fcberpr\u00fcfen"},"content":{"rendered":"<div style=\"width: 150px\" class=\"wp-caption alignleft\"><a href=\"http:\/\/meier-gerdingh.de\/wp-spd-ob\/wp-content\/uploads\/hans_sachs_schule.jpg\"><img decoding=\"async\" class=\"size-full\" src=\"http:\/\/meier-gerdingh.de\/wp-spd-ob\/wp-content\/uploads\/hans_sachs_schule.jpg\" alt=\"Die SPD setzt sich ein f\u00fcr die Erhaltung der Maurer-Fachklasse am Hans-Sachs-Berufskolleg\" width=\"140\" height=\"82\" \/><\/a><p class=\"wp-caption-text\">Die SPD setzt sich ein f\u00fcr die Erhaltung der Maurer-Fachklasse am Hans-Sachs-Berufskolleg<\/p><\/div>\n<p>Eigentlich ist es verwunderlich: In Oberhausen gibt es am Hans-Sachs-Berufskolleg eine funktionierende, weil gut nachgefragte Fachklasse f\u00fcr die Maurerausbildung. Trotzdem soll &#8211; so Planungen zust\u00e4ndiger Beh\u00f6rden &#8211; dieser Bildungsgang aus Oberhausen verlagert werden.<!--more--><\/p>\n<p>Dass diese Absicht kritisch begleitet wird, haben heute in einem gemeinsamen Informationstermin sowohl Vertreter der IG-BAU als auch Verantwortliche des Berufskollegs deutlich gemacht. Auch f\u00fcr die \u00f6rtlichen Sozialdemokraten erschlie\u00dft sich der Sinn dieses Vorhabens nicht unmittelbar.<\/p>\n<p>&#8222;Im Grunde,&#8220; da sind sich der Fraktions- und der Parteichef in Oberhausen, Wolfgang Gro\u00dfe Br\u00f6mer und Hartmut Schmidt, einig, &#8222;ein unglaublicher, weil objektiv nicht nachvollziehbarer Vorgang.&#8220; Gemeinsam stehen die beiden Sozialdemokraten im Wort, bei den zust\u00e4ndigen Stellen in D\u00fcsseldorf zu intervenieren und die Sinnhaftigkeit dieser Absicht zu hinterfragen.<\/p>\n<p>&#8222;Gerade diese Fachklasse,&#8220; so Wolfgang Gro\u00dfe Br\u00f6mer, &#8222;hat mit vielen Projekten wie z. B. dem Bau des \u00d6ko-Hauses und dem Solarturm bewiesen, dass eine zukunftsorientierte Ausbildung im Maurerhandwerk in Oberhausen geboten wird.&#8220; Einen Beleg hierf\u00fcr sehen die Sozialdemokraten auch darin, dass in Oberhausen das Maurerhandwerk anders als an anderen Orten in NRW als zukunftsorientierte Ausbildung so stark nachgefragt wird, dass auch zuk\u00fcnftig eine eigenst\u00e4ndige Klasse gebildet werden kann.<\/p>\n<p>Gro\u00dfe Br\u00f6mer und Schmidt wollen in engem Schulterschluss mit den gewerkschaftlichen Vertretern nach einem Weg suchen, diesen Bildungsgang am Ort zu erhalten.<\/p>\n","protected":false},"excerpt":{"rendered":"<p>Eigentlich ist es verwunderlich: In Oberhausen gibt es am Hans-Sachs-Berufskolleg eine funktionierende, weil gut nachgefragte Fachklasse f\u00fcr die Maurerausbildung. Trotzdem soll &#8211; so Planungen zust\u00e4ndiger Beh\u00f6rden &#8211; dieser Bildungsgang aus&hellip; <\/p>\n","protected":false},"author":1,"featured_media":0,"comment_status":"closed","ping_status":"closed","sticky":false,"template":"","format":"standard","meta":{"footnotes":""},"categories":[1],"tags":[],"quellen":[],"class_list":["post-261","post","type-post","status-publish","format-standard","hentry","category-allgemein"],"_links":{"self":[{"href":"https:\/\/meier-gerdingh.de\/wp-spd-ob\/wp-json\/wp\/v2\/posts\/261","targetHints":{"allow":["GET"]}}],"collection":[{"href":"https:\/\/meier-gerdingh.de\/wp-spd-ob\/wp-json\/wp\/v2\/posts"}],"about":[{"href":"https:\/\/meier-gerdingh.de\/wp-spd-ob\/wp-json\/wp\/v2\/types\/post"}],"author":[{"embeddable":true,"href":"https:\/\/meier-gerdingh.de\/wp-spd-ob\/wp-json\/wp\/v2\/users\/1"}],"replies":[{"embeddable":true,"href":"https:\/\/meier-gerdingh.de\/wp-spd-ob\/wp-json\/wp\/v2\/comments?post=261"}],"version-history":[{"count":0,"href":"https:\/\/meier-gerdingh.de\/wp-spd-ob\/wp-json\/wp\/v2\/posts\/261\/revisions"}],"wp:attachment":[{"href":"https:\/\/meier-gerdingh.de\/wp-spd-ob\/wp-json\/wp\/v2\/media?parent=261"}],"wp:term":[{"taxonomy":"category","embeddable":true,"href":"https:\/\/meier-gerdingh.de\/wp-spd-ob\/wp-json\/wp\/v2\/categories?post=261"},{"taxonomy":"post_tag","embeddable":true,"href":"https:\/\/meier-gerdingh.de\/wp-spd-ob\/wp-json\/wp\/v2\/tags?post=261"},{"taxonomy":"quellen","embeddable":true,"href":"https:\/\/meier-gerdingh.de\/wp-spd-ob\/wp-json\/wp\/v2\/quellen?post=261"}],"curies":[{"name":"wp","href":"https:\/\/api.w.org\/{rel}","templated":true}]}}