{"id":2637,"date":"2015-09-30T15:03:00","date_gmt":"2015-09-30T13:03:00","guid":{"rendered":"http:\/\/www.meier-gerdingh.de\/spd-oberhausen\/wp\/?p=2637"},"modified":"2016-12-27T14:20:04","modified_gmt":"2016-12-27T13:20:04","slug":"243-millionen-euro-fuer-oberhausen","status":"publish","type":"post","link":"https:\/\/meier-gerdingh.de\/wp-spd-ob\/2015\/09\/30\/243-millionen-euro-fuer-oberhausen\/","title":{"rendered":"24,3 Millionen Euro f\u00fcr Oberhausen"},"content":{"rendered":"<div id=\"attachment_1681\" style=\"width: 150px\" class=\"wp-caption alignleft\"><a href=\"http:\/\/meier-gerdingh.de\/wp-spd-ob\/wp-content\/uploads\/voepel_dirk_mdb.jpg\" rel=\"attachment wp-att-1681\"><img aria-describedby=\"caption-attachment-1681\" decoding=\"async\" class=\"size-full wp-image-1681\" src=\"http:\/\/meier-gerdingh.de\/wp-spd-ob\/wp-content\/uploads\/voepel_dirk_mdb.jpg\" alt=\"Dirk V\u00f6pel ist der direkt gew\u00e4hlte Bundestagsabgeordnete f\u00fcr Oberhausen und Dinslaken\" width=\"140\" height=\"180\" \/><\/a><p id=\"caption-attachment-1681\" class=\"wp-caption-text\">Dirk V\u00f6pel ist der direkt gew\u00e4hlte Bundestagsabgeordnete f\u00fcr Oberhausen und Dinslaken<\/p><\/div>\n<p>Oberhausen profitiert mit 24,3 vom Investitionsf\u00f6rderungsfonds des Bundes. Das geht aus dem Ausf\u00fchrungsgesetz hervor, das der NRW-Landtag heute beschlossen hat. Dirk V\u00f6pel, direkt gew\u00e4hlter Bundestagsabgeordneter f\u00fcr Oberhausen, erkl\u00e4rt dazu:<\/p>\n<p>&#8222;Das Investitionsprogramm des Bundes wird dringend erforderliche Zukunftsinvestitionen vorantreiben. Es gibt einen sp\u00fcrbaren Investitionsstau, der Schritt f\u00fcr Schritt beseitigt werden muss. Wir haben in Berlin immer wieder darauf hingewiesen, dass der Bund seiner Verantwortung f\u00fcr die Kommunen gerecht werden muss \u2013 auch und gerade gegen\u00fcber dem Koalitionspartner. Diese Beharrlichkeit zahlt sich nun ganz konkret auch f\u00fcr Oberhausen aus.<!--more--><\/p>\n<p>Besonders wichtig ist mir, dass wir es geschafft haben, die \u00fcbliche Mittelaufteilung an die Bundesl\u00e4nder nach dem sogenannten &#8218;K\u00f6nigsteiner Schl\u00fcssel&#8216; zu durchbrechen. Das 3,5 Milliarden-Investitionsprogramm des Bundes soll gezielt finanzschwachen Kommunen bei der \u00dcberwindung ihrer Investitionsr\u00fcckst\u00e4nde helfen. Da sich in Nordrhein-Westfalen finanz- und strukturschwache Kommunen konzentrieren, flie\u00dft ein Drittel der Bundesf\u00f6rdermittel in unser Land. Dies ist ein gro\u00dfartiger Erfolg der gesamten NRWSPD.<\/p>\n<p>Gleichwertige Lebensverh\u00e4ltnisse und handlungsf\u00e4hige Kommunen sind und bleiben ein zentrales Leitmotiv der SPD. Ich freue mich, dass das Land die Bundesmittel eins zu eins an die Kommunen weiterleitet. Vor Ort wei\u00df man am besten, wo die Gelder am dringendsten und sinnvollsten investiert werden sollten.&#8220;<\/p>\n<p><strong>Zum Hintergrund:<\/strong><\/p>\n<p>Der Deutsche Bundestag hat am 21. Mai die Einrichtung eines mit 3,5 Milliarden Euro ausgestatteten Sonderverm\u00f6gens &#8222;Kommunalinvestitionsf\u00f6rderungsfonds&#8220; beschlossen. Daraus sollen in den Jahren 2015 bis 2018 kommunale Investitionen in Infrastruktur, Bildung und Klimaschutz get\u00e4tigt werden. Die Gelder werden auf Basis eines Schl\u00fcssels aus Einwohnerzahl, Kassenkrediten und Anzahl der Arbeitslosen auf die L\u00e4nder verteilt.<\/p>\n<p>Demnach erh\u00e4lt Nordrhein-Westfalen 32,2 Prozent der Mittel, also rund 1,127 Milliarden Euro. Zum Vergleich: Nach dem \u00fcblichen &#8222;K\u00f6nigsteiner Schl\u00fcssel&#8220; erhielte Nordrhein-Westfalen lediglich 21,2 Prozent bzw. 742 Millionen Euro.<\/p>\n","protected":false},"excerpt":{"rendered":"<p>Oberhausen profitiert mit 24,3 vom Investitionsf\u00f6rderungsfonds des Bundes. Das geht aus dem Ausf\u00fchrungsgesetz hervor, das der NRW-Landtag heute beschlossen hat. Dirk V\u00f6pel, direkt gew\u00e4hlter Bundestagsabgeordneter f\u00fcr Oberhausen, erkl\u00e4rt dazu: &#8222;Das&hellip; <\/p>\n","protected":false},"author":1,"featured_media":0,"comment_status":"closed","ping_status":"closed","sticky":false,"template":"","format":"standard","meta":{"footnotes":""},"categories":[180,98],"tags":[543,229,268,541,14,357,542],"quellen":[330],"class_list":["post-2637","post","type-post","status-publish","format-standard","hentry","category-bund","category-finanzen","tag-bundesfoerderung","tag-bundesmittel","tag-investitionsstau","tag-investititionsprogramm-des-bundes","tag-kommunalfinanzen","tag-kommunalinvestitionsfoerderungsfonds","tag-koenigsteiner-schluessel","quellen-mdb-dirk-voepel"],"_links":{"self":[{"href":"https:\/\/meier-gerdingh.de\/wp-spd-ob\/wp-json\/wp\/v2\/posts\/2637","targetHints":{"allow":["GET"]}}],"collection":[{"href":"https:\/\/meier-gerdingh.de\/wp-spd-ob\/wp-json\/wp\/v2\/posts"}],"about":[{"href":"https:\/\/meier-gerdingh.de\/wp-spd-ob\/wp-json\/wp\/v2\/types\/post"}],"author":[{"embeddable":true,"href":"https:\/\/meier-gerdingh.de\/wp-spd-ob\/wp-json\/wp\/v2\/users\/1"}],"replies":[{"embeddable":true,"href":"https:\/\/meier-gerdingh.de\/wp-spd-ob\/wp-json\/wp\/v2\/comments?post=2637"}],"version-history":[{"count":0,"href":"https:\/\/meier-gerdingh.de\/wp-spd-ob\/wp-json\/wp\/v2\/posts\/2637\/revisions"}],"wp:attachment":[{"href":"https:\/\/meier-gerdingh.de\/wp-spd-ob\/wp-json\/wp\/v2\/media?parent=2637"}],"wp:term":[{"taxonomy":"category","embeddable":true,"href":"https:\/\/meier-gerdingh.de\/wp-spd-ob\/wp-json\/wp\/v2\/categories?post=2637"},{"taxonomy":"post_tag","embeddable":true,"href":"https:\/\/meier-gerdingh.de\/wp-spd-ob\/wp-json\/wp\/v2\/tags?post=2637"},{"taxonomy":"quellen","embeddable":true,"href":"https:\/\/meier-gerdingh.de\/wp-spd-ob\/wp-json\/wp\/v2\/quellen?post=2637"}],"curies":[{"name":"wp","href":"https:\/\/api.w.org\/{rel}","templated":true}]}}