{"id":2638,"date":"2015-10-01T15:09:25","date_gmt":"2015-10-01T13:09:25","guid":{"rendered":"http:\/\/www.meier-gerdingh.de\/spd-oberhausen\/wp\/?p=2638"},"modified":"2016-12-27T14:20:46","modified_gmt":"2016-12-27T13:20:46","slug":"bund-entlastet-kommunen-bei-den-fluechtlingskosten","status":"publish","type":"post","link":"https:\/\/meier-gerdingh.de\/wp-spd-ob\/2015\/10\/01\/bund-entlastet-kommunen-bei-den-fluechtlingskosten\/","title":{"rendered":"Bund entlastet Kommunen bei den Fl\u00fcchtlingskosten"},"content":{"rendered":"<div id=\"attachment_1681\" style=\"width: 150px\" class=\"wp-caption alignleft\"><a href=\"http:\/\/meier-gerdingh.de\/wp-spd-ob\/wp-content\/uploads\/voepel_dirk_mdb.jpg\" rel=\"attachment wp-att-1681\"><img aria-describedby=\"caption-attachment-1681\" decoding=\"async\" class=\"size-full wp-image-1681\" src=\"http:\/\/meier-gerdingh.de\/wp-spd-ob\/wp-content\/uploads\/voepel_dirk_mdb.jpg\" alt=\"Dirk V\u00f6pel ist der direkt gew\u00e4hlte Bundestagsabgeordnete f\u00fcr Oberhausen und Dinslaken\" width=\"140\" height=\"180\" \/><\/a><p id=\"caption-attachment-1681\" class=\"wp-caption-text\">Dirk V\u00f6pel ist der direkt gew\u00e4hlte Bundestagsabgeordnete f\u00fcr Oberhausen und Dinslaken<\/p><\/div>\n<p>Letzte Woche haben Bund und L\u00e4nder zentrale Beschl\u00fcsse zur Asyl- und Fl\u00fcchtlingspolitik gefasst. Unter anderem wurde vereinbart, dass der Bund seine Soforthilfe an die Kommunen f\u00fcr 2015 um eine weitere Milliarde aufstockt. Von den 216 Millionen Euro, die nach Nordrhein-Westfalen flie\u00dfen, erh\u00e4lt Oberhausen einen Anteil von 2,4 Mio. Euro, Dinslaken kann mit 780.000 Euro zus\u00e4tzlich rechnen. Dazu erkl\u00e4rt Dirk V\u00f6pel, SPD-Bundestagsabgeordneter f\u00fcr Oberhausen und Dinslaken:<\/p>\n<p>&#8222;Gute Nachrichten f\u00fcr Oberhausen und Dinslaken! Der Bund reagiert zeitnah und unb\u00fcrokratisch auf die nach wie vor steigenden Zuwanderungszahlen, indem er seine Soforthilfen f\u00fcr 2015 verdoppelt. Ganz konkret bringt das eine Entlastung von 2,4 Mio. Euro f\u00fcr Oberhausen und 780.000 Euro f\u00fcr Dinslaken.<!--more--><\/p>\n<p>F\u00fcr noch wichtiger halte ich die Zusage einer dauerhaften, strukturellen und dynamischen Hilfe des Bundes ab 2016: Dann werden pro Fl\u00fcchtling 670 Euro monatlich an L\u00e4nder und Kommunen gezahlt. Dies habe ich zusammen mit meinen Kollegen der NRW-Landesgruppe seit vielen Monaten gefordert. Endlich hat jetzt auch der Koalitionspartner eingesehen, dass die Fl\u00fcchtlingsunterbringung und -integration eine gesamtstaatliche Aufgabe ist, bei der auch der Bund eine gro\u00dfe Verantwortung tr\u00e4gt.<\/p>\n<p>Die Beschl\u00fcsse vom letzten Donnerstag haben uns ein ganzes St\u00fcck vorangebracht. Dazu geh\u00f6ren unter anderem auch die Aufstockung der Mittel f\u00fcr den sozialen Wohnungsbau um 500 Millionen Euro, die Beschleunigung von Asylverfahren und der l\u00e4ngere Verbleib in Erstaufnahmeeinrichtungen. Ich begr\u00fc\u00dfe, dass es jetzt ein ebenen\u00fcbergreifendes Konzept zum Umgang und zur Integration von Fl\u00fcchtlingen gibt.&#8220;<\/p>\n","protected":false},"excerpt":{"rendered":"<p>Letzte Woche haben Bund und L\u00e4nder zentrale Beschl\u00fcsse zur Asyl- und Fl\u00fcchtlingspolitik gefasst. Unter anderem wurde vereinbart, dass der Bund seine Soforthilfe an die Kommunen f\u00fcr 2015 um eine weitere&hellip; <\/p>\n","protected":false},"author":1,"featured_media":0,"comment_status":"closed","ping_status":"closed","sticky":false,"template":"","format":"standard","meta":{"footnotes":""},"categories":[180,98],"tags":[544,209,545,546,547,455,548],"quellen":[330],"class_list":["post-2638","post","type-post","status-publish","format-standard","hentry","category-bund","category-finanzen","tag-asylpolitik","tag-fluechtlinge","tag-fluechtlingsgipfel","tag-fluechtlingspolitik","tag-fluechtlingsunterbringung","tag-integration","tag-zuwanderung","quellen-mdb-dirk-voepel"],"_links":{"self":[{"href":"https:\/\/meier-gerdingh.de\/wp-spd-ob\/wp-json\/wp\/v2\/posts\/2638","targetHints":{"allow":["GET"]}}],"collection":[{"href":"https:\/\/meier-gerdingh.de\/wp-spd-ob\/wp-json\/wp\/v2\/posts"}],"about":[{"href":"https:\/\/meier-gerdingh.de\/wp-spd-ob\/wp-json\/wp\/v2\/types\/post"}],"author":[{"embeddable":true,"href":"https:\/\/meier-gerdingh.de\/wp-spd-ob\/wp-json\/wp\/v2\/users\/1"}],"replies":[{"embeddable":true,"href":"https:\/\/meier-gerdingh.de\/wp-spd-ob\/wp-json\/wp\/v2\/comments?post=2638"}],"version-history":[{"count":0,"href":"https:\/\/meier-gerdingh.de\/wp-spd-ob\/wp-json\/wp\/v2\/posts\/2638\/revisions"}],"wp:attachment":[{"href":"https:\/\/meier-gerdingh.de\/wp-spd-ob\/wp-json\/wp\/v2\/media?parent=2638"}],"wp:term":[{"taxonomy":"category","embeddable":true,"href":"https:\/\/meier-gerdingh.de\/wp-spd-ob\/wp-json\/wp\/v2\/categories?post=2638"},{"taxonomy":"post_tag","embeddable":true,"href":"https:\/\/meier-gerdingh.de\/wp-spd-ob\/wp-json\/wp\/v2\/tags?post=2638"},{"taxonomy":"quellen","embeddable":true,"href":"https:\/\/meier-gerdingh.de\/wp-spd-ob\/wp-json\/wp\/v2\/quellen?post=2638"}],"curies":[{"name":"wp","href":"https:\/\/api.w.org\/{rel}","templated":true}]}}