{"id":2641,"date":"2015-10-21T15:44:10","date_gmt":"2015-10-21T13:44:10","guid":{"rendered":"http:\/\/www.meier-gerdingh.de\/spd-oberhausen\/wp\/?p=2641"},"modified":"2016-12-27T14:22:31","modified_gmt":"2016-12-27T13:22:31","slug":"mdb-dirk-voepel-trifft-drei-oberhausener-schuelergruppen-in-sechs-tagen","status":"publish","type":"post","link":"https:\/\/meier-gerdingh.de\/wp-spd-ob\/2015\/10\/21\/mdb-dirk-voepel-trifft-drei-oberhausener-schuelergruppen-in-sechs-tagen\/","title":{"rendered":"MdB Dirk V\u00f6pel trifft drei Oberhausener Sch\u00fclergruppen in sechs Tagen"},"content":{"rendered":"<p>Die Betreuung von Besuchergruppen aus dem heimischen Wahlkreis im Berliner Regierungsviertel geh\u00f6rt f\u00fcr MdB Dirk V\u00f6pel immer zu den erfreulicheren Unterbrechungen des \u00fcblichen Terminmarathons in der Hauptstadt. Aber so viel geballte Heimat in der Ferne, erlebt auch ein Bundestagsabgeordneter nicht alle Tage: Denn gleich drei Oberhausener Sch\u00fclergruppen gaben sich kurz vor Beginn der Herbstferien in weniger als einer Woche im Reichstag die Klinke in die Hand, je eine aus Alt-Oberhausen, Sterkrade und Osterfeld, womit dann auch der Oberhausener Stadtteilproporz ganz zuf\u00e4llig gewahrt blieb.<!--more--><\/p>\n<hr \/>\n<p><a href=\"http:\/\/meier-gerdingh.de\/wp-spd-ob\/wp-content\/uploads\/berlin_besuch_sophie_scholl_schule_107_o.jpg\" rel=\"attachment wp-att-2627\"><img decoding=\"async\" class=\"aligncenter size-full wp-image-2627\" src=\"http:\/\/meier-gerdingh.de\/wp-spd-ob\/wp-content\/uploads\/berlin_besuch_sophie_scholl_schule_107.jpg\" alt=\"berlin_besuch_sophie_scholl_schule_107\" width=\"600\" height=\"400\" srcset=\"https:\/\/meier-gerdingh.de\/wp-spd-ob\/wp-content\/uploads\/berlin_besuch_sophie_scholl_schule_107.jpg 600w, https:\/\/meier-gerdingh.de\/wp-spd-ob\/wp-content\/uploads\/berlin_besuch_sophie_scholl_schule_107-300x200.jpg 300w\" sizes=\"(max-width: 600px) 100vw, 600px\" \/><\/a>Den Auftakt machte die deutsch-ukrainische Sch\u00fclerbegegnung des Sophie-Scholl-Gymnasiums mit der Schule 107 aus der Oberhausener Partnerstadt Saporoshje, die in diesem Jahr urspr\u00fcnglich in der Ukraine stattfinden sollte, aber aufgrund der angespannten Sicherheitslage kurzerhand nach Berlin verlegt wurde.<\/p>\n<hr \/>\n<p><a href=\"http:\/\/meier-gerdingh.de\/wp-spd-ob\/wp-content\/uploads\/berlin_besuch_15_09_30_bvsg_o.jpg\" rel=\"attachment wp-att-2623\"><img decoding=\"async\" class=\"aligncenter size-full wp-image-2623\" src=\"http:\/\/meier-gerdingh.de\/wp-spd-ob\/wp-content\/uploads\/berlin_besuch_15_09_30_bvsg.jpg\" alt=\"berlin_besuch_15_09_30_bvsg\" width=\"600\" height=\"428\" srcset=\"https:\/\/meier-gerdingh.de\/wp-spd-ob\/wp-content\/uploads\/berlin_besuch_15_09_30_bvsg.jpg 600w, https:\/\/meier-gerdingh.de\/wp-spd-ob\/wp-content\/uploads\/berlin_besuch_15_09_30_bvsg-300x214.jpg 300w\" sizes=\"(max-width: 600px) 100vw, 600px\" \/><\/a>Der Besuch im Regierungsviertel war sicher auch einer der H\u00f6hepunkte einer Berlin-Exkursion von 22 Neuntkl\u00e4sslern des Bertha-von-Suttner-Gymnasiums. Auf der Besuchertrib\u00fcne des Reichstags konnten die Sch\u00fclerinnen und Sch\u00fcler die aktuelle Parlamentsdebatte verfolgen. MdB Dirk V\u00f6pel berichtete anschaulich und ausf\u00fchrlich \u00fcber seine Arbeit als Abgeordneter.<\/p>\n<hr \/>\n<p><a href=\"http:\/\/meier-gerdingh.de\/wp-spd-ob\/wp-content\/uploads\/berlin_besuch_15_10_01_gso_o.jpg\" rel=\"attachment wp-att-2625\"><img decoding=\"async\" class=\"aligncenter size-full wp-image-2625\" src=\"http:\/\/meier-gerdingh.de\/wp-spd-ob\/wp-content\/uploads\/berlin_besuch_15_10_01_gso.jpg\" alt=\"berlin_besuch_15_10_01_gso\" width=\"600\" height=\"428\" srcset=\"https:\/\/meier-gerdingh.de\/wp-spd-ob\/wp-content\/uploads\/berlin_besuch_15_10_01_gso.jpg 600w, https:\/\/meier-gerdingh.de\/wp-spd-ob\/wp-content\/uploads\/berlin_besuch_15_10_01_gso-300x214.jpg 300w\" sizes=\"(max-width: 600px) 100vw, 600px\" \/><\/a>Zum guten Wochenschluss konnte V\u00f6pel noch 20 Sch\u00fclerinnen und Sch\u00fcler des 13. Jahrgangs der Gesamtschule Osterfeld begr\u00fc\u00dfen, die ebenfalls eine spannende und interessante Woche an der Spree verbrachten. Die Gruppe verfolgte live die laufende Debatte im Deutschen Bundestag. Und der Heimat-MdB lie\u00df es sich nat\u00fcrlich wieder nicht nehmen, mit den Sch\u00fclerinnen und Sch\u00fclern \u00fcber aktuelle Themen zu diskutieren.<\/p>\n","protected":false},"excerpt":{"rendered":"<p>Die Betreuung von Besuchergruppen aus dem heimischen Wahlkreis im Berliner Regierungsviertel geh\u00f6rt f\u00fcr MdB Dirk V\u00f6pel immer zu den erfreulicheren Unterbrechungen des \u00fcblichen Terminmarathons in der Hauptstadt. Aber so viel&hellip; <\/p>\n","protected":false},"author":1,"featured_media":0,"comment_status":"closed","ping_status":"closed","sticky":false,"template":"","format":"standard","meta":{"footnotes":""},"categories":[180],"tags":[396,537,558,559,560,561],"quellen":[330],"class_list":["post-2641","post","type-post","status-publish","format-standard","hentry","category-bund","tag-bertha-von-suttner-gymnasium","tag-besuchergruppen","tag-gesamtschule-osterfeld","tag-saporoshje","tag-schuelergruppen","tag-sophie-scholl-gymnasium","quellen-mdb-dirk-voepel"],"_links":{"self":[{"href":"https:\/\/meier-gerdingh.de\/wp-spd-ob\/wp-json\/wp\/v2\/posts\/2641","targetHints":{"allow":["GET"]}}],"collection":[{"href":"https:\/\/meier-gerdingh.de\/wp-spd-ob\/wp-json\/wp\/v2\/posts"}],"about":[{"href":"https:\/\/meier-gerdingh.de\/wp-spd-ob\/wp-json\/wp\/v2\/types\/post"}],"author":[{"embeddable":true,"href":"https:\/\/meier-gerdingh.de\/wp-spd-ob\/wp-json\/wp\/v2\/users\/1"}],"replies":[{"embeddable":true,"href":"https:\/\/meier-gerdingh.de\/wp-spd-ob\/wp-json\/wp\/v2\/comments?post=2641"}],"version-history":[{"count":0,"href":"https:\/\/meier-gerdingh.de\/wp-spd-ob\/wp-json\/wp\/v2\/posts\/2641\/revisions"}],"wp:attachment":[{"href":"https:\/\/meier-gerdingh.de\/wp-spd-ob\/wp-json\/wp\/v2\/media?parent=2641"}],"wp:term":[{"taxonomy":"category","embeddable":true,"href":"https:\/\/meier-gerdingh.de\/wp-spd-ob\/wp-json\/wp\/v2\/categories?post=2641"},{"taxonomy":"post_tag","embeddable":true,"href":"https:\/\/meier-gerdingh.de\/wp-spd-ob\/wp-json\/wp\/v2\/tags?post=2641"},{"taxonomy":"quellen","embeddable":true,"href":"https:\/\/meier-gerdingh.de\/wp-spd-ob\/wp-json\/wp\/v2\/quellen?post=2641"}],"curies":[{"name":"wp","href":"https:\/\/api.w.org\/{rel}","templated":true}]}}