{"id":2647,"date":"2015-11-13T16:03:45","date_gmt":"2015-11-13T14:03:45","guid":{"rendered":"http:\/\/www.meier-gerdingh.de\/spd-oberhausen\/wp\/?p=2647"},"modified":"2016-12-27T14:28:59","modified_gmt":"2016-12-27T13:28:59","slug":"nrw-wird-die-kommunen-mit-zusaetzlichen-milliarden-unterstuetzen","status":"publish","type":"post","link":"https:\/\/meier-gerdingh.de\/wp-spd-ob\/2015\/11\/13\/nrw-wird-die-kommunen-mit-zusaetzlichen-milliarden-unterstuetzen\/","title":{"rendered":"NRW wird die Kommunen mit zus\u00e4tzlichen Milliarden unterst\u00fctzen"},"content":{"rendered":"<div id=\"attachment_1707\" style=\"width: 150px\" class=\"wp-caption alignleft\"><a href=\"http:\/\/meier-gerdingh.de\/wp-spd-ob\/wp-content\/uploads\/zimkeit_stefan_12.jpg\" rel=\"attachment wp-att-1707\"><img aria-describedby=\"caption-attachment-1707\" decoding=\"async\" class=\"size-full wp-image-1707\" src=\"http:\/\/meier-gerdingh.de\/wp-spd-ob\/wp-content\/uploads\/zimkeit_stefan_12.jpg\" alt=\"Stefan Zimkeit ist Mitglied des Landtags von Nordrhein-Westfalen und finanzpolitischer Sprecher der SPD-Landtagsfraktion\" width=\"140\" height=\"169\" \/><\/a><p id=\"caption-attachment-1707\" class=\"wp-caption-text\">Stefan Zimkeit ist Mitglied des Landtags von Nordrhein-Westfalen und finanzpolitischer Sprecher der SPD-Landtagsfraktion<\/p><\/div>\n<p>&#8222;Wichtig ist, dass den St\u00e4dten in ihrer t\u00e4glichen Arbeit geholfen wird&#8220;, betont Stefan Zimkeit. &#8222;Es ist gelungen, den NRW-Haushaltsentwurf an wichtigen Punkten nachzubessern&#8220;, berichtet der haushaltspolitische Sprecher der SPD-Fraktion aus den laufenden Finanzverhandlungen. &#8222;74 Millionen sind f\u00fcr die Verbesserung der fr\u00fchkindlichen Bildung vorgesehen, mit 25 Millionen wird der Breitbandausbau in den Kommunen vorangetrieben und 22 Millionen Euro sind f\u00fcr die Betreuungsvereine&#8220;, z\u00e4hlt Zimkeit die zus\u00e4tzlichen Gelder auf, die im n\u00e4chsten Jahr flie\u00dfen sollen. &#8222;Hinzu kommen die gestiegenen Schl\u00fcsselzuweisungen an die St\u00e4dte.&#8220;<!--more--><\/p>\n<p>Schwerpunkt der Erg\u00e4nzung zum Haushalt 2016 ist die Aufnahme und Betreuung von Fl\u00fcchtlingen. &#8222;Insgesamt wird NRW 2,9 Milliarden Euro zus\u00e4tzlich einplanen, um den Fl\u00fcchtlingszustrom zu bew\u00e4ltigen&#8220;, sagt Zimkeit. &#8222;2400 neue Stellen wird das Land einrichten, davon 2100 in unseren Schulen.&#8220;<\/p>\n<p>Besonders wichtig sei es, dass die den St\u00e4dten zustehende Pauschale f\u00fcr jeden aufgenommenen Fl\u00fcchtling von gut 7578 Euro auf 10000 Euro erh\u00f6ht wird. &#8222;Diese Summe entspricht den Forderungen der Kommunen. Der Beschluss des Bund-L\u00e4nder-Gipfels, dass sich Berlin dauerhaft an den Fl\u00fcchtlingskosten beteiligt, erm\u00f6glicht diese Aufstockung.&#8220;<\/p>\n<p>Stefan Zimkeit betont, dass NRW \u00fcber die mit dem Bund verabredeten Zahlen hinausgeht und die 10.000 Euro nicht nur f\u00fcr Asylbewerber, sondern auch f\u00fcr geduldete Ausl\u00e4nder zahlt.<\/p>\n","protected":false},"excerpt":{"rendered":"<p>&#8222;Wichtig ist, dass den St\u00e4dten in ihrer t\u00e4glichen Arbeit geholfen wird&#8220;, betont Stefan Zimkeit. &#8222;Es ist gelungen, den NRW-Haushaltsentwurf an wichtigen Punkten nachzubessern&#8220;, berichtet der haushaltspolitische Sprecher der SPD-Fraktion aus&hellip; <\/p>\n","protected":false},"author":1,"featured_media":0,"comment_status":"closed","ping_status":"closed","sticky":false,"template":"","format":"standard","meta":{"footnotes":""},"categories":[98,216],"tags":[210,584,229,209,573,230,14,5,565,566,583,245,562,567],"quellen":[331],"class_list":["post-2647","post","type-post","status-publish","format-standard","hentry","category-finanzen","category-land","tag-asylbewerber","tag-breitbandausbau","tag-bundesmittel","tag-fluechtlinge","tag-fluechtlingsbetreuung","tag-fruehkindliche-bildung","tag-kommunalfinanzen","tag-landesfoerderung","tag-landeshaushalt","tag-landeshaushalt-2016","tag-landeshilfen","tag-landesmittel","tag-nrw","tag-schluesselzuweisungen","quellen-mdl-stefan-zimkeit"],"_links":{"self":[{"href":"https:\/\/meier-gerdingh.de\/wp-spd-ob\/wp-json\/wp\/v2\/posts\/2647","targetHints":{"allow":["GET"]}}],"collection":[{"href":"https:\/\/meier-gerdingh.de\/wp-spd-ob\/wp-json\/wp\/v2\/posts"}],"about":[{"href":"https:\/\/meier-gerdingh.de\/wp-spd-ob\/wp-json\/wp\/v2\/types\/post"}],"author":[{"embeddable":true,"href":"https:\/\/meier-gerdingh.de\/wp-spd-ob\/wp-json\/wp\/v2\/users\/1"}],"replies":[{"embeddable":true,"href":"https:\/\/meier-gerdingh.de\/wp-spd-ob\/wp-json\/wp\/v2\/comments?post=2647"}],"version-history":[{"count":0,"href":"https:\/\/meier-gerdingh.de\/wp-spd-ob\/wp-json\/wp\/v2\/posts\/2647\/revisions"}],"wp:attachment":[{"href":"https:\/\/meier-gerdingh.de\/wp-spd-ob\/wp-json\/wp\/v2\/media?parent=2647"}],"wp:term":[{"taxonomy":"category","embeddable":true,"href":"https:\/\/meier-gerdingh.de\/wp-spd-ob\/wp-json\/wp\/v2\/categories?post=2647"},{"taxonomy":"post_tag","embeddable":true,"href":"https:\/\/meier-gerdingh.de\/wp-spd-ob\/wp-json\/wp\/v2\/tags?post=2647"},{"taxonomy":"quellen","embeddable":true,"href":"https:\/\/meier-gerdingh.de\/wp-spd-ob\/wp-json\/wp\/v2\/quellen?post=2647"}],"curies":[{"name":"wp","href":"https:\/\/api.w.org\/{rel}","templated":true}]}}