{"id":2648,"date":"2015-11-19T17:46:21","date_gmt":"2015-11-19T15:46:21","guid":{"rendered":"http:\/\/www.meier-gerdingh.de\/spd-oberhausen\/wp\/?p=2648"},"modified":"2016-12-27T14:29:51","modified_gmt":"2016-12-27T13:29:51","slug":"mehr-geld-fuer-betreuungsvereine","status":"publish","type":"post","link":"https:\/\/meier-gerdingh.de\/wp-spd-ob\/2015\/11\/19\/mehr-geld-fuer-betreuungsvereine\/","title":{"rendered":"Mehr Geld f\u00fcr Betreuungsvereine"},"content":{"rendered":"<div id=\"attachment_1707\" style=\"width: 150px\" class=\"wp-caption alignleft\"><a href=\"http:\/\/meier-gerdingh.de\/wp-spd-ob\/wp-content\/uploads\/zimkeit_stefan_12.jpg\" rel=\"attachment wp-att-1707\"><img aria-describedby=\"caption-attachment-1707\" decoding=\"async\" class=\"size-full wp-image-1707\" src=\"http:\/\/meier-gerdingh.de\/wp-spd-ob\/wp-content\/uploads\/zimkeit_stefan_12.jpg\" alt=\"Stefan Zimkeit ist Mitglied des Landtags von Nordrhein-Westfalen und finanzpolitischer Sprecher der SPD-Landtagsfraktion\" width=\"140\" height=\"169\" \/><\/a><p id=\"caption-attachment-1707\" class=\"wp-caption-text\">Stefan Zimkeit ist Mitglied des Landtags von Nordrhein-Westfalen und finanzpolitischer Sprecher der SPD-Landtagsfraktion<\/p><\/div>\n<p>Verst\u00e4ndnis f\u00fcr die Klagen des Oberhausener Betreuungsvereins zeigt der Landtagsabgeordnete Stefan Zimkeit. &#8222;Deswegen wird NRW seine Zusch\u00fcsse im n\u00e4chsten Jahre von 1,7 Millionen auf 2,7 Millionen Euro erh\u00f6hen&#8220;, verspricht der SPD-Finanzexperte mit Blick auf die laufenden Haushaltsberatungen. &#8222;Endg\u00fcltig beschlossen ist das zwar noch nichts, aber ich bin sehr optimistisch. Denn die Arbeit der Betreuungsvereine ist unverzichtbar&#8220;, betont Zimkeit.<!--more--><\/p>\n<p>&#8222;Bereits im laufenden Jahr wurde eine Basisf\u00f6rderung der Vereine auf den Weg gebracht.&#8220; Zus\u00e4tzlich zur bisherigen finanziellen Unterst\u00fctzung gebe es eine Pauschale in H\u00f6he von 1700 Euro, erl\u00e4utert Stefan Zimkeit. Denn die Arbeit mit psychisch Erkrankten, \u00c4lteren oder Pflegebed\u00fcrftigen, die ihren Rechtsgesch\u00e4ften nicht mehr eigenst\u00e4ndig nachgehen k\u00f6nnen, brauche diese Unterst\u00fctzung.<\/p>\n","protected":false},"excerpt":{"rendered":"<p>Verst\u00e4ndnis f\u00fcr die Klagen des Oberhausener Betreuungsvereins zeigt der Landtagsabgeordnete Stefan Zimkeit. &#8222;Deswegen wird NRW seine Zusch\u00fcsse im n\u00e4chsten Jahre von 1,7 Millionen auf 2,7 Millionen Euro erh\u00f6hen&#8220;, verspricht der&hellip; <\/p>\n","protected":false},"author":1,"featured_media":0,"comment_status":"closed","ping_status":"closed","sticky":false,"template":"","format":"standard","meta":{"footnotes":""},"categories":[174,216],"tags":[585,5,245],"quellen":[331],"class_list":["post-2648","post","type-post","status-publish","format-standard","hentry","category-arbeit-und-soziales","category-land","tag-betreuungsvereine","tag-landesfoerderung","tag-landesmittel","quellen-mdl-stefan-zimkeit"],"_links":{"self":[{"href":"https:\/\/meier-gerdingh.de\/wp-spd-ob\/wp-json\/wp\/v2\/posts\/2648","targetHints":{"allow":["GET"]}}],"collection":[{"href":"https:\/\/meier-gerdingh.de\/wp-spd-ob\/wp-json\/wp\/v2\/posts"}],"about":[{"href":"https:\/\/meier-gerdingh.de\/wp-spd-ob\/wp-json\/wp\/v2\/types\/post"}],"author":[{"embeddable":true,"href":"https:\/\/meier-gerdingh.de\/wp-spd-ob\/wp-json\/wp\/v2\/users\/1"}],"replies":[{"embeddable":true,"href":"https:\/\/meier-gerdingh.de\/wp-spd-ob\/wp-json\/wp\/v2\/comments?post=2648"}],"version-history":[{"count":0,"href":"https:\/\/meier-gerdingh.de\/wp-spd-ob\/wp-json\/wp\/v2\/posts\/2648\/revisions"}],"wp:attachment":[{"href":"https:\/\/meier-gerdingh.de\/wp-spd-ob\/wp-json\/wp\/v2\/media?parent=2648"}],"wp:term":[{"taxonomy":"category","embeddable":true,"href":"https:\/\/meier-gerdingh.de\/wp-spd-ob\/wp-json\/wp\/v2\/categories?post=2648"},{"taxonomy":"post_tag","embeddable":true,"href":"https:\/\/meier-gerdingh.de\/wp-spd-ob\/wp-json\/wp\/v2\/tags?post=2648"},{"taxonomy":"quellen","embeddable":true,"href":"https:\/\/meier-gerdingh.de\/wp-spd-ob\/wp-json\/wp\/v2\/quellen?post=2648"}],"curies":[{"name":"wp","href":"https:\/\/api.w.org\/{rel}","templated":true}]}}